{"id":187,"date":"2009-10-13T23:32:49","date_gmt":"2009-10-13T22:32:49","guid":{"rendered":"http:\/\/emdicjoao.wordpress.com\/?p=187"},"modified":"2009-10-13T23:32:49","modified_gmt":"2009-10-13T22:32:49","slug":"mierda-i-els-amics","status":"publish","type":"post","link":"http:\/\/www.emdicjoao.com\/?p=187","title":{"rendered":"Mierda i els amics"},"content":{"rendered":"<p style=\"text-align:justify;\">Un llibre la \u00faltima paraula del qual \u00e9s &#8220;mierda&#8221; ha de ser massa bo o massa dolent; una gran trag\u00e8dia o un intent de literatura super moderna, una novel\u00b7la psicol\u00f2gica o una hist\u00f2ria polic\u00edaca al m\u00e9s pur estil nord-americ\u00e0. Parlar\u00e9 d&#8217;un de final indiscutiblement cat\u00e0rtic.<\/p>\n<p style=\"text-align:justify;\">La meva primera relaci\u00f3 amb Gabriel Garc\u00eda M\u00e1rquez va ser ja fa uns anys, a un Corte Ingl\u00e9s. Jo feia tercer d&#8217;ESO i estava comprant un llibre de text amb ma mare. Per all\u00e0 vaig veure una portada que em va cridar l&#8217;atenci\u00f3. Era una edici\u00f3 de la col\u00b7lecci\u00f3 de <em>Compactos Anagrama<\/em> de <em>El coronel no tiene quien le escriba<\/em>. El nom de l&#8217;autor em sonava amb connotacions positives i ho vaig comentar amb ma mare. Em va dir que el va llegir quan estava embarassada de mi. Jo en aquell moment me la vaig imaginar llegint asseguda a prop de l&#8217;edifici on vivia quan vaig n\u00e9ixer, a la perif\u00e8ria de Bras\u00edlia. Em va comprar el llibre i va ser una experi\u00e8ncia fant\u00e0stica; potser la meva primera relaci\u00f3 amb literatura de tan alt nivell. Dos o tres anys despr\u00e9s el meu pare em va regalar <em>Cien a\u00f1os de soledad<\/em> per Sant Jordi i des de llavors em sento una mica m\u00e9s persona.<\/p>\n<p style=\"text-align:justify;\">A\u00f1os despu\u00e9s, ante el pelot\u00f3n de fusilamiento, torno a agafar la novel\u00b7leta (el diminutiu nom\u00e9s fa refer\u00e8ncia a l&#8217;extensi\u00f3). Per qu\u00e8? Perqu\u00e8 avui, tornant a casa destrossat despr\u00e9s d&#8217;una r\u00e0pida incursi\u00f3 a la universitat pel mat\u00ed, he vist el nom de Gabriel Garc\u00eda M\u00e1rquez en un diari gratu\u00eft que portava alg\u00fa. He pensat en l&#8217;absurda possibilitat de que s&#8217;hagu\u00e9s mort i no hagu\u00e9s estat portada de tots els diaris. M&#8217;he posat molt trist. Massa. Perqu\u00e8 no ploro, que sin\u00f3 potser ho hagu\u00e9s fet. Per sort no era aix\u00ed i encara el tenim per, espero, seguir escrivint. En tot cas, m&#8217;han vingut moltes ganes de llegir-lo i, sortint corrent de casa, he agafat aquest llibre, per curt i per tenir-ne molt bon record.<\/p>\n<p style=\"text-align:justify;\">Aix\u00ed doncs, comen\u00e7o a llegir sent un altre jo, havent llegit altres obres seves i havent apr\u00e9s a buscar altres coses en la literatura. Per\u00f2 no nom\u00e9s aquestes coses s\u00f3n les que importen. Coses m\u00e9s humanes tamb\u00e9 afecten la lectura. Un gran amic que tinc ara i que abans no tenia \u00e9s un exemple. Passades unes quantes p\u00e0gines he comen\u00e7at a visualitzar aquest amic parlant del protagonista: &#8220;\u00e9s incre\u00efble&#8221;, &#8220;t\u00e9 un honor! \u00c9s impressionant&#8230;&#8221; I aix\u00ed em prenc el personatge a partir d&#8217;aquest moment, el comen\u00e7o a veure amb els seus ulls. Quan me la torni a acabar (si ho faig) li haur\u00e9 de deixar i si no us cito les \u00faltimes l\u00ednies del llibre, que s\u00f3n meravelloses, \u00e9s perqu\u00e8 de ben segur se m&#8217;enfadaria.<\/p>\n<h6 style=\"text-align:right;\"><em>(Perdoneu si aquesta entrada \u00e9s horrible i\/o no t\u00e9 cap sentit, per\u00f2 a pesar de la son necessitava escriure-la)<\/em><\/h6>\n","protected":false},"excerpt":{"rendered":"<p>Un llibre la \u00faltima paraula del qual \u00e9s &#8220;mierda&#8221; ha de ser massa bo o massa dolent; una gran trag\u00e8dia o un intent de literatura super moderna, una novel\u00b7la psicol\u00f2gica o una hist\u00f2ria polic\u00edaca al m\u00e9s pur estil nord-americ\u00e0. Parlar\u00e9 d&#8217;un de final indiscutiblement cat\u00e0rtic. La meva primera relaci\u00f3 amb Gabriel Garc\u00eda M\u00e1rquez va ser &hellip; <\/p>\n<p class=\"link-more\"><a href=\"http:\/\/www.emdicjoao.com\/?p=187\" class=\"more-link\">Continua llegint <span class=\"screen-reader-text\">\u00abMierda i els amics\u00bb<\/span><\/a><\/p>\n","protected":false},"author":2,"featured_media":0,"comment_status":"open","ping_status":"open","sticky":false,"template":"","format":"standard","meta":{"_monsterinsights_skip_tracking":false,"_monsterinsights_sitenote_active":false,"_monsterinsights_sitenote_note":"","_monsterinsights_sitenote_category":0,"footnotes":""},"categories":[5],"tags":[69,92],"yoast_head":"<!-- This site is optimized with the Yoast SEO plugin v22.6 - https:\/\/yoast.com\/wordpress\/plugins\/seo\/ -->\n<title>Mierda i els amics - Em dic Jo\u00e3o<\/title>\n<meta name=\"robots\" content=\"index, follow, max-snippet:-1, max-image-preview:large, max-video-preview:-1\" \/>\n<link rel=\"canonical\" href=\"http:\/\/www.emdicjoao.com\/?p=187\" \/>\n<meta property=\"og:locale\" content=\"ca_ES\" \/>\n<meta property=\"og:type\" content=\"article\" \/>\n<meta property=\"og:title\" content=\"Mierda i els amics - Em dic Jo\u00e3o\" \/>\n<meta property=\"og:description\" content=\"Un llibre la \u00faltima paraula del qual \u00e9s &#8220;mierda&#8221; ha de ser massa bo o massa dolent; una gran trag\u00e8dia o un intent de literatura super moderna, una novel\u00b7la psicol\u00f2gica o una hist\u00f2ria polic\u00edaca al m\u00e9s pur estil nord-americ\u00e0. Parlar\u00e9 d&#8217;un de final indiscutiblement cat\u00e0rtic. La meva primera relaci\u00f3 amb Gabriel Garc\u00eda M\u00e1rquez va ser &hellip; Continua llegint \u00abMierda i els amics\u00bb\" \/>\n<meta property=\"og:url\" content=\"http:\/\/www.emdicjoao.com\/?p=187\" \/>\n<meta property=\"og:site_name\" content=\"Em dic Jo\u00e3o\" \/>\n<meta property=\"article:published_time\" content=\"2009-10-13T22:32:49+00:00\" \/>\n<meta name=\"author\" content=\"Jo\u00e3o Fran\u00e7a (blog antic)\" \/>\n<meta name=\"twitter:card\" content=\"summary_large_image\" \/>\n<meta name=\"twitter:creator\" content=\"@jotaemi\" \/>\n<meta name=\"twitter:site\" content=\"@jotaemi\" \/>\n<meta name=\"twitter:label1\" content=\"Escrit per\" \/>\n\t<meta name=\"twitter:data1\" content=\"Jo\u00e3o Fran\u00e7a (blog antic)\" \/>\n\t<meta name=\"twitter:label2\" content=\"Temps estimat de lectura\" \/>\n\t<meta name=\"twitter:data2\" content=\"3 minuts\" \/>\n<script type=\"application\/ld+json\" class=\"yoast-schema-graph\">{\"@context\":\"https:\/\/schema.org\",\"@graph\":[{\"@type\":\"WebPage\",\"@id\":\"http:\/\/www.emdicjoao.com\/?p=187\",\"url\":\"http:\/\/www.emdicjoao.com\/?p=187\",\"name\":\"Mierda i els amics - Em dic Jo\u00e3o\",\"isPartOf\":{\"@id\":\"https:\/\/www.emdicjoao.com\/#website\"},\"datePublished\":\"2009-10-13T22:32:49+00:00\",\"dateModified\":\"2009-10-13T22:32:49+00:00\",\"author\":{\"@id\":\"https:\/\/www.emdicjoao.com\/#\/schema\/person\/77eacbb1dcbb3afd8e53cc3b3ef1ebc1\"},\"breadcrumb\":{\"@id\":\"http:\/\/www.emdicjoao.com\/?p=187#breadcrumb\"},\"inLanguage\":\"ca\",\"potentialAction\":[{\"@type\":\"ReadAction\",\"target\":[\"http:\/\/www.emdicjoao.com\/?p=187\"]}]},{\"@type\":\"BreadcrumbList\",\"@id\":\"http:\/\/www.emdicjoao.com\/?p=187#breadcrumb\",\"itemListElement\":[{\"@type\":\"ListItem\",\"position\":1,\"name\":\"Inici\",\"item\":\"https:\/\/www.emdicjoao.com\/\"},{\"@type\":\"ListItem\",\"position\":2,\"name\":\"Mierda i els amics\"}]},{\"@type\":\"WebSite\",\"@id\":\"https:\/\/www.emdicjoao.com\/#website\",\"url\":\"https:\/\/www.emdicjoao.com\/\",\"name\":\"Em dic Jo\u00e3o\",\"description\":\"i torno a provar de tenir un blog\",\"potentialAction\":[{\"@type\":\"SearchAction\",\"target\":{\"@type\":\"EntryPoint\",\"urlTemplate\":\"https:\/\/www.emdicjoao.com\/?s={search_term_string}\"},\"query-input\":\"required name=search_term_string\"}],\"inLanguage\":\"ca\"},{\"@type\":\"Person\",\"@id\":\"https:\/\/www.emdicjoao.com\/#\/schema\/person\/77eacbb1dcbb3afd8e53cc3b3ef1ebc1\",\"name\":\"Jo\u00e3o Fran\u00e7a (blog antic)\",\"image\":{\"@type\":\"ImageObject\",\"inLanguage\":\"ca\",\"@id\":\"https:\/\/www.emdicjoao.com\/#\/schema\/person\/image\/\",\"url\":\"http:\/\/2.gravatar.com\/avatar\/2e3d24fdc8a1e0112d7f0353f6a54f18?s=96&d=monsterid&r=g\",\"contentUrl\":\"http:\/\/2.gravatar.com\/avatar\/2e3d24fdc8a1e0112d7f0353f6a54f18?s=96&d=monsterid&r=g\",\"caption\":\"Jo\u00e3o Fran\u00e7a (blog antic)\"},\"sameAs\":[\"http:\/\/emdicjoao.wordpress.com\/\"]}]}<\/script>\n<!-- \/ Yoast SEO plugin. -->","yoast_head_json":{"title":"Mierda i els amics - Em dic Jo\u00e3o","robots":{"index":"index","follow":"follow","max-snippet":"max-snippet:-1","max-image-preview":"max-image-preview:large","max-video-preview":"max-video-preview:-1"},"canonical":"http:\/\/www.emdicjoao.com\/?p=187","og_locale":"ca_ES","og_type":"article","og_title":"Mierda i els amics - Em dic Jo\u00e3o","og_description":"Un llibre la \u00faltima paraula del qual \u00e9s &#8220;mierda&#8221; ha de ser massa bo o massa dolent; una gran trag\u00e8dia o un intent de literatura super moderna, una novel\u00b7la psicol\u00f2gica o una hist\u00f2ria polic\u00edaca al m\u00e9s pur estil nord-americ\u00e0. Parlar\u00e9 d&#8217;un de final indiscutiblement cat\u00e0rtic. La meva primera relaci\u00f3 amb Gabriel Garc\u00eda M\u00e1rquez va ser &hellip; Continua llegint \u00abMierda i els amics\u00bb","og_url":"http:\/\/www.emdicjoao.com\/?p=187","og_site_name":"Em dic Jo\u00e3o","article_published_time":"2009-10-13T22:32:49+00:00","author":"Jo\u00e3o Fran\u00e7a (blog antic)","twitter_card":"summary_large_image","twitter_creator":"@jotaemi","twitter_site":"@jotaemi","twitter_misc":{"Escrit per":"Jo\u00e3o Fran\u00e7a (blog antic)","Temps estimat de lectura":"3 minuts"},"schema":{"@context":"https:\/\/schema.org","@graph":[{"@type":"WebPage","@id":"http:\/\/www.emdicjoao.com\/?p=187","url":"http:\/\/www.emdicjoao.com\/?p=187","name":"Mierda i els amics - Em dic Jo\u00e3o","isPartOf":{"@id":"https:\/\/www.emdicjoao.com\/#website"},"datePublished":"2009-10-13T22:32:49+00:00","dateModified":"2009-10-13T22:32:49+00:00","author":{"@id":"https:\/\/www.emdicjoao.com\/#\/schema\/person\/77eacbb1dcbb3afd8e53cc3b3ef1ebc1"},"breadcrumb":{"@id":"http:\/\/www.emdicjoao.com\/?p=187#breadcrumb"},"inLanguage":"ca","potentialAction":[{"@type":"ReadAction","target":["http:\/\/www.emdicjoao.com\/?p=187"]}]},{"@type":"BreadcrumbList","@id":"http:\/\/www.emdicjoao.com\/?p=187#breadcrumb","itemListElement":[{"@type":"ListItem","position":1,"name":"Inici","item":"https:\/\/www.emdicjoao.com\/"},{"@type":"ListItem","position":2,"name":"Mierda i els amics"}]},{"@type":"WebSite","@id":"https:\/\/www.emdicjoao.com\/#website","url":"https:\/\/www.emdicjoao.com\/","name":"Em dic Jo\u00e3o","description":"i torno a provar de tenir un blog","potentialAction":[{"@type":"SearchAction","target":{"@type":"EntryPoint","urlTemplate":"https:\/\/www.emdicjoao.com\/?s={search_term_string}"},"query-input":"required name=search_term_string"}],"inLanguage":"ca"},{"@type":"Person","@id":"https:\/\/www.emdicjoao.com\/#\/schema\/person\/77eacbb1dcbb3afd8e53cc3b3ef1ebc1","name":"Jo\u00e3o Fran\u00e7a (blog antic)","image":{"@type":"ImageObject","inLanguage":"ca","@id":"https:\/\/www.emdicjoao.com\/#\/schema\/person\/image\/","url":"http:\/\/2.gravatar.com\/avatar\/2e3d24fdc8a1e0112d7f0353f6a54f18?s=96&d=monsterid&r=g","contentUrl":"http:\/\/2.gravatar.com\/avatar\/2e3d24fdc8a1e0112d7f0353f6a54f18?s=96&d=monsterid&r=g","caption":"Jo\u00e3o Fran\u00e7a (blog antic)"},"sameAs":["http:\/\/emdicjoao.wordpress.com\/"]}]}},"_links":{"self":[{"href":"http:\/\/www.emdicjoao.com\/index.php?rest_route=\/wp\/v2\/posts\/187"}],"collection":[{"href":"http:\/\/www.emdicjoao.com\/index.php?rest_route=\/wp\/v2\/posts"}],"about":[{"href":"http:\/\/www.emdicjoao.com\/index.php?rest_route=\/wp\/v2\/types\/post"}],"author":[{"embeddable":true,"href":"http:\/\/www.emdicjoao.com\/index.php?rest_route=\/wp\/v2\/users\/2"}],"replies":[{"embeddable":true,"href":"http:\/\/www.emdicjoao.com\/index.php?rest_route=%2Fwp%2Fv2%2Fcomments&post=187"}],"version-history":[{"count":0,"href":"http:\/\/www.emdicjoao.com\/index.php?rest_route=\/wp\/v2\/posts\/187\/revisions"}],"wp:attachment":[{"href":"http:\/\/www.emdicjoao.com\/index.php?rest_route=%2Fwp%2Fv2%2Fmedia&parent=187"}],"wp:term":[{"taxonomy":"category","embeddable":true,"href":"http:\/\/www.emdicjoao.com\/index.php?rest_route=%2Fwp%2Fv2%2Fcategories&post=187"},{"taxonomy":"post_tag","embeddable":true,"href":"http:\/\/www.emdicjoao.com\/index.php?rest_route=%2Fwp%2Fv2%2Ftags&post=187"}],"curies":[{"name":"wp","href":"https:\/\/api.w.org\/{rel}","templated":true}]}}