{"id":219,"date":"2009-11-06T18:02:52","date_gmt":"2009-11-06T17:02:52","guid":{"rendered":"http:\/\/emdicjoao.wordpress.com\/?p=219"},"modified":"2009-11-06T18:02:52","modified_gmt":"2009-11-06T17:02:52","slug":"joao-franca-upf","status":"publish","type":"post","link":"http:\/\/www.emdicjoao.com\/?p=219","title":{"rendered":"Jo\u00e3o Fran\u00e7a UPF"},"content":{"rendered":"<p>Una de les coses que m\u00e9s m&#8217;agraden de wordpress \u00e9s el tema de les estad\u00edstiques. T&#8217;ho explica tot ben explicadet: quantes visites has tingut, d&#8217;on v\u00e9nen, cap a on van, qu\u00e8 han posat al cercador per arribar al teu blog, &#8230; Jo, com tota persona que li doni una miqueta de valor al seu blog, em miro aix\u00f2 de tant en tant. Ahir em va sorprendre els termes del cercador. No parlar\u00e9 del friki que va entrar el meu blog cercant &#8220;artur d\u00edaz barbagli&#8221;, cosa curiosa; ens portem molt b\u00e9 per\u00f2, com a m\u00ednim l&#8217;\u00faltim cop que el vaig veure, far\u00e0 unes 14 hores, \u00e9rem persones for\u00e7a diferents. A tot aix\u00f2, he investigat i cercant el seu nom a Google aquest blog no surt fins la p\u00e0gina 3, per\u00f2 he dit que no parlaria d&#8217;aix\u00f2.<\/p>\n<p>El que realment em sorpr\u00e8n \u00e9s el terme de cercador &#8220;joao fran\u00e7a upf&#8221;. Em sorpr\u00e8n i em preocupa. Jo no m&#8217;avergonyeixo pas del meu blog (tot i que a vegades s\u00ed que hauria de fer-ho), sin\u00f3 que m\u00e9s b\u00e9 en faig for\u00e7a publicitat. M&#8217;agrada que la gent que em busqui trobi aix\u00f2. De fet, donada la meva afici\u00f3 a Facebook, solc dir que no m&#8217;importa fer p\u00fablica la meva vida (salvant certes dist\u00e0ncies, \u00f2bviament). En tot cas, quan de sobte em trobo que alg\u00fa ha arribat aqu\u00ed buscant &#8220;el Jo\u00e3o de la Pompeu&#8221;, &#8220;el meu alumne Jo\u00e3o&#8221;, &#8220;el Jo\u00e3o de l&#8217;Assemblea d&#8217;Humanitats\/ del cinef\u00f2rum\/ del taller d&#8217;escriptura&#8221; o &#8220;l&#8217;home de les performance&#8221; (el meu nou c\u00e0rrec dins l&#8217;estructura universit\u00e0ria), no puc evitar preguntar-me qui pot ser. L&#8217;associaci\u00f3 de paraules clau genera paranoia&#8230; Jo, per\u00f2, far\u00e9 com si res i seguir\u00e9 escrivint el que em roti, <em>obviously<\/em>. En tot cas, quan us passeu per aqu\u00ed, aprofiteu per saludar! \ud83d\ude09<\/p>\n<p>P.S.: \u00c9s probable que, a partir d&#8217;ara, quan alg\u00fa busqui &#8220;joao fran\u00e7a upf&#8221;, aquest post sigui la primera opci\u00f3.<\/p>\n","protected":false},"excerpt":{"rendered":"<p>Una de les coses que m\u00e9s m&#8217;agraden de wordpress \u00e9s el tema de les estad\u00edstiques. T&#8217;ho explica tot ben explicadet: quantes visites has tingut, d&#8217;on v\u00e9nen, cap a on van, qu\u00e8 han posat al cercador per arribar al teu blog, &#8230; Jo, com tota persona que li doni una miqueta de valor al seu blog, &hellip; <\/p>\n<p class=\"link-more\"><a href=\"http:\/\/www.emdicjoao.com\/?p=219\" class=\"more-link\">Continua llegint <span class=\"screen-reader-text\">\u00abJo\u00e3o Fran\u00e7a UPF\u00bb<\/span><\/a><\/p>\n","protected":false},"author":2,"featured_media":0,"comment_status":"open","ping_status":"open","sticky":false,"template":"","format":"standard","meta":{"_monsterinsights_skip_tracking":false,"_monsterinsights_sitenote_active":false,"_monsterinsights_sitenote_note":"","_monsterinsights_sitenote_category":0,"footnotes":""},"categories":[5],"tags":[70,80,85,110],"yoast_head":"<!-- This site is optimized with the Yoast SEO plugin v22.6 - https:\/\/yoast.com\/wordpress\/plugins\/seo\/ -->\n<title>Jo\u00e3o Fran\u00e7a UPF - Em dic Jo\u00e3o<\/title>\n<meta name=\"robots\" content=\"index, follow, max-snippet:-1, max-image-preview:large, max-video-preview:-1\" \/>\n<link rel=\"canonical\" href=\"http:\/\/www.emdicjoao.com\/?p=219\" \/>\n<meta property=\"og:locale\" content=\"ca_ES\" \/>\n<meta property=\"og:type\" content=\"article\" \/>\n<meta property=\"og:title\" content=\"Jo\u00e3o Fran\u00e7a UPF - Em dic Jo\u00e3o\" \/>\n<meta property=\"og:description\" content=\"Una de les coses que m\u00e9s m&#8217;agraden de wordpress \u00e9s el tema de les estad\u00edstiques. T&#8217;ho explica tot ben explicadet: quantes visites has tingut, d&#8217;on v\u00e9nen, cap a on van, qu\u00e8 han posat al cercador per arribar al teu blog, &#8230; Jo, com tota persona que li doni una miqueta de valor al seu blog, &hellip; Continua llegint \u00abJo\u00e3o Fran\u00e7a UPF\u00bb\" \/>\n<meta property=\"og:url\" content=\"http:\/\/www.emdicjoao.com\/?p=219\" \/>\n<meta property=\"og:site_name\" content=\"Em dic Jo\u00e3o\" \/>\n<meta property=\"article:published_time\" content=\"2009-11-06T17:02:52+00:00\" \/>\n<meta name=\"author\" content=\"Jo\u00e3o Fran\u00e7a (blog antic)\" \/>\n<meta name=\"twitter:card\" content=\"summary_large_image\" \/>\n<meta name=\"twitter:creator\" content=\"@jotaemi\" \/>\n<meta name=\"twitter:site\" content=\"@jotaemi\" \/>\n<meta name=\"twitter:label1\" content=\"Escrit per\" \/>\n\t<meta name=\"twitter:data1\" content=\"Jo\u00e3o Fran\u00e7a (blog antic)\" \/>\n\t<meta name=\"twitter:label2\" content=\"Temps estimat de lectura\" \/>\n\t<meta name=\"twitter:data2\" content=\"2 minuts\" \/>\n<script type=\"application\/ld+json\" class=\"yoast-schema-graph\">{\"@context\":\"https:\/\/schema.org\",\"@graph\":[{\"@type\":\"WebPage\",\"@id\":\"http:\/\/www.emdicjoao.com\/?p=219\",\"url\":\"http:\/\/www.emdicjoao.com\/?p=219\",\"name\":\"Jo\u00e3o Fran\u00e7a UPF - Em dic Jo\u00e3o\",\"isPartOf\":{\"@id\":\"https:\/\/www.emdicjoao.com\/#website\"},\"datePublished\":\"2009-11-06T17:02:52+00:00\",\"dateModified\":\"2009-11-06T17:02:52+00:00\",\"author\":{\"@id\":\"https:\/\/www.emdicjoao.com\/#\/schema\/person\/77eacbb1dcbb3afd8e53cc3b3ef1ebc1\"},\"breadcrumb\":{\"@id\":\"http:\/\/www.emdicjoao.com\/?p=219#breadcrumb\"},\"inLanguage\":\"ca\",\"potentialAction\":[{\"@type\":\"ReadAction\",\"target\":[\"http:\/\/www.emdicjoao.com\/?p=219\"]}]},{\"@type\":\"BreadcrumbList\",\"@id\":\"http:\/\/www.emdicjoao.com\/?p=219#breadcrumb\",\"itemListElement\":[{\"@type\":\"ListItem\",\"position\":1,\"name\":\"Inici\",\"item\":\"https:\/\/www.emdicjoao.com\/\"},{\"@type\":\"ListItem\",\"position\":2,\"name\":\"Jo\u00e3o Fran\u00e7a UPF\"}]},{\"@type\":\"WebSite\",\"@id\":\"https:\/\/www.emdicjoao.com\/#website\",\"url\":\"https:\/\/www.emdicjoao.com\/\",\"name\":\"Em dic Jo\u00e3o\",\"description\":\"i torno a provar de tenir un blog\",\"potentialAction\":[{\"@type\":\"SearchAction\",\"target\":{\"@type\":\"EntryPoint\",\"urlTemplate\":\"https:\/\/www.emdicjoao.com\/?s={search_term_string}\"},\"query-input\":\"required name=search_term_string\"}],\"inLanguage\":\"ca\"},{\"@type\":\"Person\",\"@id\":\"https:\/\/www.emdicjoao.com\/#\/schema\/person\/77eacbb1dcbb3afd8e53cc3b3ef1ebc1\",\"name\":\"Jo\u00e3o Fran\u00e7a (blog antic)\",\"image\":{\"@type\":\"ImageObject\",\"inLanguage\":\"ca\",\"@id\":\"https:\/\/www.emdicjoao.com\/#\/schema\/person\/image\/\",\"url\":\"http:\/\/2.gravatar.com\/avatar\/2e3d24fdc8a1e0112d7f0353f6a54f18?s=96&d=monsterid&r=g\",\"contentUrl\":\"http:\/\/2.gravatar.com\/avatar\/2e3d24fdc8a1e0112d7f0353f6a54f18?s=96&d=monsterid&r=g\",\"caption\":\"Jo\u00e3o Fran\u00e7a (blog antic)\"},\"sameAs\":[\"http:\/\/emdicjoao.wordpress.com\/\"]}]}<\/script>\n<!-- \/ Yoast SEO plugin. -->","yoast_head_json":{"title":"Jo\u00e3o Fran\u00e7a UPF - Em dic Jo\u00e3o","robots":{"index":"index","follow":"follow","max-snippet":"max-snippet:-1","max-image-preview":"max-image-preview:large","max-video-preview":"max-video-preview:-1"},"canonical":"http:\/\/www.emdicjoao.com\/?p=219","og_locale":"ca_ES","og_type":"article","og_title":"Jo\u00e3o Fran\u00e7a UPF - Em dic Jo\u00e3o","og_description":"Una de les coses que m\u00e9s m&#8217;agraden de wordpress \u00e9s el tema de les estad\u00edstiques. T&#8217;ho explica tot ben explicadet: quantes visites has tingut, d&#8217;on v\u00e9nen, cap a on van, qu\u00e8 han posat al cercador per arribar al teu blog, &#8230; Jo, com tota persona que li doni una miqueta de valor al seu blog, &hellip; Continua llegint \u00abJo\u00e3o Fran\u00e7a UPF\u00bb","og_url":"http:\/\/www.emdicjoao.com\/?p=219","og_site_name":"Em dic Jo\u00e3o","article_published_time":"2009-11-06T17:02:52+00:00","author":"Jo\u00e3o Fran\u00e7a (blog antic)","twitter_card":"summary_large_image","twitter_creator":"@jotaemi","twitter_site":"@jotaemi","twitter_misc":{"Escrit per":"Jo\u00e3o Fran\u00e7a (blog antic)","Temps estimat de lectura":"2 minuts"},"schema":{"@context":"https:\/\/schema.org","@graph":[{"@type":"WebPage","@id":"http:\/\/www.emdicjoao.com\/?p=219","url":"http:\/\/www.emdicjoao.com\/?p=219","name":"Jo\u00e3o Fran\u00e7a UPF - Em dic Jo\u00e3o","isPartOf":{"@id":"https:\/\/www.emdicjoao.com\/#website"},"datePublished":"2009-11-06T17:02:52+00:00","dateModified":"2009-11-06T17:02:52+00:00","author":{"@id":"https:\/\/www.emdicjoao.com\/#\/schema\/person\/77eacbb1dcbb3afd8e53cc3b3ef1ebc1"},"breadcrumb":{"@id":"http:\/\/www.emdicjoao.com\/?p=219#breadcrumb"},"inLanguage":"ca","potentialAction":[{"@type":"ReadAction","target":["http:\/\/www.emdicjoao.com\/?p=219"]}]},{"@type":"BreadcrumbList","@id":"http:\/\/www.emdicjoao.com\/?p=219#breadcrumb","itemListElement":[{"@type":"ListItem","position":1,"name":"Inici","item":"https:\/\/www.emdicjoao.com\/"},{"@type":"ListItem","position":2,"name":"Jo\u00e3o Fran\u00e7a UPF"}]},{"@type":"WebSite","@id":"https:\/\/www.emdicjoao.com\/#website","url":"https:\/\/www.emdicjoao.com\/","name":"Em dic Jo\u00e3o","description":"i torno a provar de tenir un blog","potentialAction":[{"@type":"SearchAction","target":{"@type":"EntryPoint","urlTemplate":"https:\/\/www.emdicjoao.com\/?s={search_term_string}"},"query-input":"required name=search_term_string"}],"inLanguage":"ca"},{"@type":"Person","@id":"https:\/\/www.emdicjoao.com\/#\/schema\/person\/77eacbb1dcbb3afd8e53cc3b3ef1ebc1","name":"Jo\u00e3o Fran\u00e7a (blog antic)","image":{"@type":"ImageObject","inLanguage":"ca","@id":"https:\/\/www.emdicjoao.com\/#\/schema\/person\/image\/","url":"http:\/\/2.gravatar.com\/avatar\/2e3d24fdc8a1e0112d7f0353f6a54f18?s=96&d=monsterid&r=g","contentUrl":"http:\/\/2.gravatar.com\/avatar\/2e3d24fdc8a1e0112d7f0353f6a54f18?s=96&d=monsterid&r=g","caption":"Jo\u00e3o Fran\u00e7a (blog antic)"},"sameAs":["http:\/\/emdicjoao.wordpress.com\/"]}]}},"_links":{"self":[{"href":"http:\/\/www.emdicjoao.com\/index.php?rest_route=\/wp\/v2\/posts\/219"}],"collection":[{"href":"http:\/\/www.emdicjoao.com\/index.php?rest_route=\/wp\/v2\/posts"}],"about":[{"href":"http:\/\/www.emdicjoao.com\/index.php?rest_route=\/wp\/v2\/types\/post"}],"author":[{"embeddable":true,"href":"http:\/\/www.emdicjoao.com\/index.php?rest_route=\/wp\/v2\/users\/2"}],"replies":[{"embeddable":true,"href":"http:\/\/www.emdicjoao.com\/index.php?rest_route=%2Fwp%2Fv2%2Fcomments&post=219"}],"version-history":[{"count":0,"href":"http:\/\/www.emdicjoao.com\/index.php?rest_route=\/wp\/v2\/posts\/219\/revisions"}],"wp:attachment":[{"href":"http:\/\/www.emdicjoao.com\/index.php?rest_route=%2Fwp%2Fv2%2Fmedia&parent=219"}],"wp:term":[{"taxonomy":"category","embeddable":true,"href":"http:\/\/www.emdicjoao.com\/index.php?rest_route=%2Fwp%2Fv2%2Fcategories&post=219"},{"taxonomy":"post_tag","embeddable":true,"href":"http:\/\/www.emdicjoao.com\/index.php?rest_route=%2Fwp%2Fv2%2Ftags&post=219"}],"curies":[{"name":"wp","href":"https:\/\/api.w.org\/{rel}","templated":true}]}}