{"id":306,"date":"2010-03-11T22:31:01","date_gmt":"2010-03-11T21:31:01","guid":{"rendered":"http:\/\/emdicjoao.wordpress.com\/?p=306"},"modified":"2010-03-11T22:31:01","modified_gmt":"2010-03-11T21:31:01","slug":"carta-oberta-al-molt-honorable-sr-perdigo","status":"publish","type":"post","link":"http:\/\/www.emdicjoao.com\/?p=306","title":{"rendered":"Carta oberta al molt honorable sr. Perdig\u00f3"},"content":{"rendered":"<p><em>Despr\u00e9s de trobar-me esmentat en un <a href=\"http:\/\/encaranohose.wordpress.com\/2010\/03\/11\/comunicat-de-premsa-les-lioneses-no-renunciaran-a-la-i-llatina\/\">comunicat de premsa<\/a> em veig obligat a dirigir una resposta p\u00fablica al sr. Perdig\u00f3.<br \/>\n<\/em><\/p>\n<p>Benvolgut sr. Perdig\u00f3,<\/p>\n<p>Em dol profundament la seva decisi\u00f3. Com b\u00e9 sabr\u00e0, i comen\u00e7o entrant en q\u00fcestions personals, el futbol mai m&#8217;ha suscitat gran inter\u00e8s. Donat la meva falta d&#8217;interessos econ\u00f2mics en el seu blog, que s\u00ed tenen altres individus, tampoc tinc intenci\u00f3 de fer-ne publicitat barata. El meu inter\u00e8s en el seu blog es troba \u00fanica i exclusivament en la seva vessant art\u00edstica.<\/p>\n<p>La meva proposta, coincident amb la del sr. Recasens, encara que desconec si pels mateixos motius, era un intent d&#8217;apropament entre la seva proposta inicial i les propostes del Consell Social de <em>Ja en parlarem despr\u00e9s<\/em>. Potser es preguntar\u00e0 el perqu\u00e8 d&#8217;aquesta voluntat d&#8217;apropament. La q\u00fcesti\u00f3 \u00e9s que he trobat una q\u00fcesti\u00f3 important en la proposta del canvi: la recuperaci\u00f3 del terme &#8216;lyoneses&#8217; com a postre procedent de la ciutat francesa de Lyon.<\/p>\n<p>Tenint en compte que vost\u00e8 ha defensat aferrissadament en el passat la conservaci\u00f3 de la lletra &#8216;h&#8217; en el terme &#8216;hamburguesa&#8217; com a reivindicaci\u00f3 de l&#8217;origen a la ciutat d&#8217;Hamburg d&#8217;aquest producte c\u00e0rnic, davant d&#8217;altres propostes modernitzadores com, per exemple, la que inclou el canvi de l&#8217;article indefinit amb &#8220;unam burguesa&#8221;, em semblaria el m\u00e9s coherent que adopt\u00e9s la i grega.<\/p>\n<p>Em sorpr\u00e8n tamb\u00e9 que faci refer\u00e8ncia al car\u00e0cter no-voc\u00e0lic de l&#8217;honorable lletra. La normativa ling\u00fc\u00edstica, tot i necess\u00e0ria, no pot constituir un dogma. A la paraula [lyun\u025bz\u0259s], com es pot veure clarament en la transcripci\u00f3 fon\u00e8tica, el segon so \u00e9s semiconson\u00e0ntic, motiu pel qual la &#8216;y&#8217; \u00e9s una grafia m\u00e9s que adequada. Vist aix\u00f2, queda clar que la seva decisi\u00f3 no \u00e9s formal sin\u00f3 purament estil\u00edstica.<\/p>\n<p>Si no \u00e9s del seu inter\u00e8s recuperar la tradici\u00f3, reivindicar la cultura democr\u00e0tic dels grecs davant de la imperialista dels romans, i mantenir la denominaci\u00f3 d&#8217;origen en els mots del nostre diccionari, all\u00e0 vost\u00e8 amb les seves i&#8217;s llatines i la seva manca postmoderna de valors.<\/p>\n<p>Atentament,<\/p>\n<p>Jo\u00e3o Fran\u00e7a<br \/>\n<em>Director General i Jo\u00e3o Executiu de <\/em>Em dic Jo\u00e3o.<\/p>\n","protected":false},"excerpt":{"rendered":"<p>Despr\u00e9s de trobar-me esmentat en un comunicat de premsa em veig obligat a dirigir una resposta p\u00fablica al sr. Perdig\u00f3. Benvolgut sr. Perdig\u00f3, Em dol profundament la seva decisi\u00f3. Com b\u00e9 sabr\u00e0, i comen\u00e7o entrant en q\u00fcestions personals, el futbol mai m&#8217;ha suscitat gran inter\u00e8s. Donat la meva falta d&#8217;interessos econ\u00f2mics en el seu blog, &hellip; <\/p>\n<p class=\"link-more\"><a href=\"http:\/\/www.emdicjoao.com\/?p=306\" class=\"more-link\">Continua llegint <span class=\"screen-reader-text\">\u00abCarta oberta al molt honorable sr. Perdig\u00f3\u00bb<\/span><\/a><\/p>\n","protected":false},"author":2,"featured_media":0,"comment_status":"open","ping_status":"open","sticky":false,"template":"","format":"standard","meta":{"_monsterinsights_skip_tracking":false,"_monsterinsights_sitenote_active":false,"_monsterinsights_sitenote_note":"","_monsterinsights_sitenote_category":0,"footnotes":""},"categories":[5],"tags":[],"yoast_head":"<!-- This site is optimized with the Yoast SEO plugin v22.6 - https:\/\/yoast.com\/wordpress\/plugins\/seo\/ -->\n<title>Carta oberta al molt honorable sr. Perdig\u00f3 - Em dic Jo\u00e3o<\/title>\n<meta name=\"robots\" content=\"index, follow, max-snippet:-1, max-image-preview:large, max-video-preview:-1\" \/>\n<link rel=\"canonical\" href=\"http:\/\/www.emdicjoao.com\/?p=306\" \/>\n<meta property=\"og:locale\" content=\"ca_ES\" \/>\n<meta property=\"og:type\" content=\"article\" \/>\n<meta property=\"og:title\" content=\"Carta oberta al molt honorable sr. Perdig\u00f3 - Em dic Jo\u00e3o\" \/>\n<meta property=\"og:description\" content=\"Despr\u00e9s de trobar-me esmentat en un comunicat de premsa em veig obligat a dirigir una resposta p\u00fablica al sr. Perdig\u00f3. Benvolgut sr. Perdig\u00f3, Em dol profundament la seva decisi\u00f3. Com b\u00e9 sabr\u00e0, i comen\u00e7o entrant en q\u00fcestions personals, el futbol mai m&#8217;ha suscitat gran inter\u00e8s. Donat la meva falta d&#8217;interessos econ\u00f2mics en el seu blog, &hellip; Continua llegint \u00abCarta oberta al molt honorable sr. Perdig\u00f3\u00bb\" \/>\n<meta property=\"og:url\" content=\"http:\/\/www.emdicjoao.com\/?p=306\" \/>\n<meta property=\"og:site_name\" content=\"Em dic Jo\u00e3o\" \/>\n<meta property=\"article:published_time\" content=\"2010-03-11T21:31:01+00:00\" \/>\n<meta name=\"author\" content=\"Jo\u00e3o Fran\u00e7a (blog antic)\" \/>\n<meta name=\"twitter:card\" content=\"summary_large_image\" \/>\n<meta name=\"twitter:creator\" content=\"@jotaemi\" \/>\n<meta name=\"twitter:site\" content=\"@jotaemi\" \/>\n<meta name=\"twitter:label1\" content=\"Escrit per\" \/>\n\t<meta name=\"twitter:data1\" content=\"Jo\u00e3o Fran\u00e7a (blog antic)\" \/>\n\t<meta name=\"twitter:label2\" content=\"Temps estimat de lectura\" \/>\n\t<meta name=\"twitter:data2\" content=\"2 minuts\" \/>\n<script type=\"application\/ld+json\" class=\"yoast-schema-graph\">{\"@context\":\"https:\/\/schema.org\",\"@graph\":[{\"@type\":\"WebPage\",\"@id\":\"http:\/\/www.emdicjoao.com\/?p=306\",\"url\":\"http:\/\/www.emdicjoao.com\/?p=306\",\"name\":\"Carta oberta al molt honorable sr. Perdig\u00f3 - Em dic Jo\u00e3o\",\"isPartOf\":{\"@id\":\"https:\/\/www.emdicjoao.com\/#website\"},\"datePublished\":\"2010-03-11T21:31:01+00:00\",\"dateModified\":\"2010-03-11T21:31:01+00:00\",\"author\":{\"@id\":\"https:\/\/www.emdicjoao.com\/#\/schema\/person\/77eacbb1dcbb3afd8e53cc3b3ef1ebc1\"},\"breadcrumb\":{\"@id\":\"http:\/\/www.emdicjoao.com\/?p=306#breadcrumb\"},\"inLanguage\":\"ca\",\"potentialAction\":[{\"@type\":\"ReadAction\",\"target\":[\"http:\/\/www.emdicjoao.com\/?p=306\"]}]},{\"@type\":\"BreadcrumbList\",\"@id\":\"http:\/\/www.emdicjoao.com\/?p=306#breadcrumb\",\"itemListElement\":[{\"@type\":\"ListItem\",\"position\":1,\"name\":\"Inici\",\"item\":\"https:\/\/www.emdicjoao.com\/\"},{\"@type\":\"ListItem\",\"position\":2,\"name\":\"Carta oberta al molt honorable sr. Perdig\u00f3\"}]},{\"@type\":\"WebSite\",\"@id\":\"https:\/\/www.emdicjoao.com\/#website\",\"url\":\"https:\/\/www.emdicjoao.com\/\",\"name\":\"Em dic Jo\u00e3o\",\"description\":\"i torno a provar de tenir un blog\",\"potentialAction\":[{\"@type\":\"SearchAction\",\"target\":{\"@type\":\"EntryPoint\",\"urlTemplate\":\"https:\/\/www.emdicjoao.com\/?s={search_term_string}\"},\"query-input\":\"required name=search_term_string\"}],\"inLanguage\":\"ca\"},{\"@type\":\"Person\",\"@id\":\"https:\/\/www.emdicjoao.com\/#\/schema\/person\/77eacbb1dcbb3afd8e53cc3b3ef1ebc1\",\"name\":\"Jo\u00e3o Fran\u00e7a (blog antic)\",\"image\":{\"@type\":\"ImageObject\",\"inLanguage\":\"ca\",\"@id\":\"https:\/\/www.emdicjoao.com\/#\/schema\/person\/image\/\",\"url\":\"http:\/\/2.gravatar.com\/avatar\/2e3d24fdc8a1e0112d7f0353f6a54f18?s=96&d=monsterid&r=g\",\"contentUrl\":\"http:\/\/2.gravatar.com\/avatar\/2e3d24fdc8a1e0112d7f0353f6a54f18?s=96&d=monsterid&r=g\",\"caption\":\"Jo\u00e3o Fran\u00e7a (blog antic)\"},\"sameAs\":[\"http:\/\/emdicjoao.wordpress.com\/\"]}]}<\/script>\n<!-- \/ Yoast SEO plugin. -->","yoast_head_json":{"title":"Carta oberta al molt honorable sr. Perdig\u00f3 - Em dic Jo\u00e3o","robots":{"index":"index","follow":"follow","max-snippet":"max-snippet:-1","max-image-preview":"max-image-preview:large","max-video-preview":"max-video-preview:-1"},"canonical":"http:\/\/www.emdicjoao.com\/?p=306","og_locale":"ca_ES","og_type":"article","og_title":"Carta oberta al molt honorable sr. Perdig\u00f3 - Em dic Jo\u00e3o","og_description":"Despr\u00e9s de trobar-me esmentat en un comunicat de premsa em veig obligat a dirigir una resposta p\u00fablica al sr. Perdig\u00f3. Benvolgut sr. Perdig\u00f3, Em dol profundament la seva decisi\u00f3. Com b\u00e9 sabr\u00e0, i comen\u00e7o entrant en q\u00fcestions personals, el futbol mai m&#8217;ha suscitat gran inter\u00e8s. Donat la meva falta d&#8217;interessos econ\u00f2mics en el seu blog, &hellip; Continua llegint \u00abCarta oberta al molt honorable sr. Perdig\u00f3\u00bb","og_url":"http:\/\/www.emdicjoao.com\/?p=306","og_site_name":"Em dic Jo\u00e3o","article_published_time":"2010-03-11T21:31:01+00:00","author":"Jo\u00e3o Fran\u00e7a (blog antic)","twitter_card":"summary_large_image","twitter_creator":"@jotaemi","twitter_site":"@jotaemi","twitter_misc":{"Escrit per":"Jo\u00e3o Fran\u00e7a (blog antic)","Temps estimat de lectura":"2 minuts"},"schema":{"@context":"https:\/\/schema.org","@graph":[{"@type":"WebPage","@id":"http:\/\/www.emdicjoao.com\/?p=306","url":"http:\/\/www.emdicjoao.com\/?p=306","name":"Carta oberta al molt honorable sr. Perdig\u00f3 - Em dic Jo\u00e3o","isPartOf":{"@id":"https:\/\/www.emdicjoao.com\/#website"},"datePublished":"2010-03-11T21:31:01+00:00","dateModified":"2010-03-11T21:31:01+00:00","author":{"@id":"https:\/\/www.emdicjoao.com\/#\/schema\/person\/77eacbb1dcbb3afd8e53cc3b3ef1ebc1"},"breadcrumb":{"@id":"http:\/\/www.emdicjoao.com\/?p=306#breadcrumb"},"inLanguage":"ca","potentialAction":[{"@type":"ReadAction","target":["http:\/\/www.emdicjoao.com\/?p=306"]}]},{"@type":"BreadcrumbList","@id":"http:\/\/www.emdicjoao.com\/?p=306#breadcrumb","itemListElement":[{"@type":"ListItem","position":1,"name":"Inici","item":"https:\/\/www.emdicjoao.com\/"},{"@type":"ListItem","position":2,"name":"Carta oberta al molt honorable sr. Perdig\u00f3"}]},{"@type":"WebSite","@id":"https:\/\/www.emdicjoao.com\/#website","url":"https:\/\/www.emdicjoao.com\/","name":"Em dic Jo\u00e3o","description":"i torno a provar de tenir un blog","potentialAction":[{"@type":"SearchAction","target":{"@type":"EntryPoint","urlTemplate":"https:\/\/www.emdicjoao.com\/?s={search_term_string}"},"query-input":"required name=search_term_string"}],"inLanguage":"ca"},{"@type":"Person","@id":"https:\/\/www.emdicjoao.com\/#\/schema\/person\/77eacbb1dcbb3afd8e53cc3b3ef1ebc1","name":"Jo\u00e3o Fran\u00e7a (blog antic)","image":{"@type":"ImageObject","inLanguage":"ca","@id":"https:\/\/www.emdicjoao.com\/#\/schema\/person\/image\/","url":"http:\/\/2.gravatar.com\/avatar\/2e3d24fdc8a1e0112d7f0353f6a54f18?s=96&d=monsterid&r=g","contentUrl":"http:\/\/2.gravatar.com\/avatar\/2e3d24fdc8a1e0112d7f0353f6a54f18?s=96&d=monsterid&r=g","caption":"Jo\u00e3o Fran\u00e7a (blog antic)"},"sameAs":["http:\/\/emdicjoao.wordpress.com\/"]}]}},"_links":{"self":[{"href":"http:\/\/www.emdicjoao.com\/index.php?rest_route=\/wp\/v2\/posts\/306"}],"collection":[{"href":"http:\/\/www.emdicjoao.com\/index.php?rest_route=\/wp\/v2\/posts"}],"about":[{"href":"http:\/\/www.emdicjoao.com\/index.php?rest_route=\/wp\/v2\/types\/post"}],"author":[{"embeddable":true,"href":"http:\/\/www.emdicjoao.com\/index.php?rest_route=\/wp\/v2\/users\/2"}],"replies":[{"embeddable":true,"href":"http:\/\/www.emdicjoao.com\/index.php?rest_route=%2Fwp%2Fv2%2Fcomments&post=306"}],"version-history":[{"count":0,"href":"http:\/\/www.emdicjoao.com\/index.php?rest_route=\/wp\/v2\/posts\/306\/revisions"}],"wp:attachment":[{"href":"http:\/\/www.emdicjoao.com\/index.php?rest_route=%2Fwp%2Fv2%2Fmedia&parent=306"}],"wp:term":[{"taxonomy":"category","embeddable":true,"href":"http:\/\/www.emdicjoao.com\/index.php?rest_route=%2Fwp%2Fv2%2Fcategories&post=306"},{"taxonomy":"post_tag","embeddable":true,"href":"http:\/\/www.emdicjoao.com\/index.php?rest_route=%2Fwp%2Fv2%2Ftags&post=306"}],"curies":[{"name":"wp","href":"https:\/\/api.w.org\/{rel}","templated":true}]}}