{"id":567,"date":"2013-04-10T05:17:18","date_gmt":"2013-04-10T04:17:18","guid":{"rendered":"http:\/\/www.emdicjoao.com\/?p=567"},"modified":"2013-04-10T05:17:18","modified_gmt":"2013-04-10T04:17:18","slug":"biblioteca-minima-de-lescrache","status":"publish","type":"post","link":"http:\/\/www.emdicjoao.com\/?p=567","title":{"rendered":"Biblioteca m\u00ednima de l&#8217;escrache"},"content":{"rendered":"<p>Fa poc m\u00e9s de dos mesos del meu <a href=\"http:\/\/www.emdicjoao.com\/?p=505\">primer post sobre l&#8217;escrache<\/a>, per\u00f2 vista la velocitat dels esdeveniments, queda molt molt lluny. Jo vaig sentir-ne a parlar per primer cop el passat estiu. Qui en parlava era l&#8217;Ada Colau. Quan la PAH va anunciar la campanya d&#8217;escrache als diputats que no votessin a favor de la ILP, la paraula es va fer tend\u00e8ncia i des de llavors s&#8217;ha escrit molt (potser massa) sobre el tema. Per actualitzar la q\u00fcesti\u00f3, llan\u00e7o alguns apunts per una biblioteca m\u00ednima de l&#8217;escrache. Caldr\u00e0, sense cap mena de dubte, seguir ampliant-la, amb calma i perspectiva. Si trobeu a faltar alguna cosa que trobeu important, no dubteu en dir-ho.<\/p>\n<p>Novembre de 2008. <a href=\"http:\/\/cemsenmoviment.wordpress.com\/2013\/02\/08\/sobre-escraches-construccion-de-democracia-y-diferentes-tipos-de-violencia\/\">&#8220;<em>Escraches<\/em>:\u00a0justicia popular y construcci\u00f3n de la ciudadan\u00eda en Argentina&#8221;.<\/a> Una de les meves primeres lectures sobre el tema \u00e9s l&#8217;article que va escriure Jordi Mir per\u00a0<em>Viento Sur<\/em>.<\/p>\n<blockquote><p>Lo que lleva al escrache es la inexistencia de justicia. La justicia que es lenta no es justicia. La justicia que establece diferencias entre ciudadanos de una clase u otra no es justicia. No hay justicia, ni condena, pero puede haber justicia popular y condena social. Ante las leyes de obediencia debida y punto final, la justicia nace desde abajo e intenta que el conjunto de la sociedad la asuma como propia.<\/p><\/blockquote>\n<p>16\/02\/2011.\u00a0<a href=\"http:\/\/www.hijos-capital.org.ar\/index.php?option=com_content&amp;task=view&amp;id=810&amp;Itemid=396\">Escrache: memoria en acci\u00f3n.<\/a>\u00a0HIJOS, els &#8220;inventors&#8221; de l&#8217;escrache en parlen l&#8217;any 2011 per criticar els titulars de premsa que segueixen criminalitzant aquesta pr\u00e0ctica.<\/p>\n<blockquote><p>El escrache nunca fue violento o busc\u00f3 la justicia por mano propia: todo lo contrario. Nuestro objetivo fue buscar siempre la condena social: que ese personaje que viv\u00eda en el olvido, sea repudiado, condenado socialmente por sus vecinos. Que su casa sea su c\u00e1rcel. Y eso, de a poco, lo fuimos logrando.<\/p><\/blockquote>\n<p>13\/02\/2013.\u00a0<a href=\"http:\/\/www.lamarea.com\/2013\/02\/13\/escraches-los-senalamientos-publicos-que-surgieron-en-argentina-en-los-90\/\">\u2018Escraches\u2019, los se\u00f1alamientos p\u00fablicos que surgieron en Argentina en los 90.<\/a>\u00a0El periodista argent\u00ed Luis Ini escriu a\u00a0<em>La Marea<\/em> sobre la campanya que preveia la PAH, l&#8217;origen de l&#8217;escrache i algunes recuperacions posteriors.<\/p>\n<blockquote><p>El\u00a0<em>escrache<\/em>\u00a0ha resurgido en varias ocasiones en el \u00e1mbito pol\u00edtico argentino, especialmente en 2001, cuando estall\u00f3 la crisis bancaria con sus\u00a0<em>corralitos\u00a0<\/em>(otro t\u00e9rmino propio de la crisis del pa\u00eds sudamericano que aparece de vez en cuando de manera amenazante en el horizonte espa\u00f1ol), saqueos y dem\u00e1s lindezas. Aquel momento aciago qued\u00f3 sintetizado en la exclamaci\u00f3n \u201c\u00a1Que se vayan todos!\u201d, en referencia a los pol\u00edticos de cualquier cu\u00f1o, vistos como responsables de la situaci\u00f3n. Esto devino en\u00a0<em>escraches<\/em>\u00a0tales como los sucedidos en aviones, cuando una mayor\u00eda de pasajeros amenazaba con abandonar la aeronave si no lo hac\u00eda alg\u00fan representante de la clase pol\u00edtica descubierto entre el pasaje. Incluso lleg\u00f3 a haber persecuciones callejeras de ex ministros de Econom\u00eda.<\/p><\/blockquote>\n<p>15\/02\/2013. En <a href=\"http:\/\/www.eldiario.es\/catalunya\/entrevista-Ada_Colau-ILP-PAH-Desahucios_0_101489868.html\">una entrevista a l&#8217;Ada Colau<\/a> li pregunto pel tema (<a href=\"http:\/\/www.emdicjoao.com\/?p=546\">aqu\u00ed<\/a> el fragment referent a l&#8217;escrache). N&#8217;ha parlat a molts llocs, per\u00f2 com que la seva pres\u00e8ncia als mitjans ha crescut tant que ja no l&#8217;he pogut seguir, recorro a la que tinc m\u00e9s a m\u00e0.<\/p>\n<blockquote><p>Estem parlant d\u2019una dictadura financera, perqu\u00e8 ara mateix totes les nostres pol\u00edtiques socials i drets fonamentals estan compromesos per les entremaliadures d\u2019aquesta classe financera, aix\u00ed que, si b\u00e9 en un context diferent, hi ha una similitud profunda, amb una situaci\u00f3 d\u2019injust\u00edcia generalitzada, de vulneraci\u00f3 de drets fonamentals en qu\u00e8 els responsables no nom\u00e9s no han de respondre pels seus crims sin\u00f3 que a m\u00e9s s\u00f3n premiats per la gesti\u00f3 p\u00fablica. Davant d\u2019aix\u00f2, no hi ha just\u00edcia i cal que la ciutadania s\u2019organitzi per fer-la.<\/p><\/blockquote>\n<p>24\/03\/2013.\u00a0<a href=\"http:\/\/www.eldiario.es\/zonacritica\/escrache-PAH_6_114498551.html\">Hay gente a la que le gustar\u00eda sufrir un escrache.<\/a> Antonio Orejudo considera que estar exposat a l&#8217;escrache \u00e9s l&#8217;altra cara de la moneda dels privilegis que comporta l&#8217;acta de diputat, que no deixa de ser una opci\u00f3 personal del que l&#8217;accepta.<\/p>\n<blockquote><p>Nadie me obliga a aceptar un puesto en las listas. Puedo quedarme en mi casa, estudiar unas oposiciones para auxiliar administrativo o dedicarme al tr\u00e1fico de estupefacientes. Si me meto a representante de los ciudadanos \u2014esa condici\u00f3n que a menudo se invoca como patente de corso\u2014 tengo que saber que mi trabajo consiste en tomar decisiones que afectan a la gente. Y que la gente afectada se puede molestar.<\/p><\/blockquote>\n<p>25\/03\/2013.\u00a0<a href=\"http:\/\/www.eldiario.es\/zonacritica\/escrache_PAH_desahucios_6_114848532.html\">El escrache es ilegal, violento y yo no querr\u00eda sufrirlo, vale, \u00bfy qu\u00e9?<\/a> El t\u00edtol de l&#8217;article d&#8217;Isaac Rosa resumeix tot el seu contingut. Mentre el debat medi\u00e0tic se centra en la forma de la protesta, considera que s&#8217;hi est\u00e0 dedicant massa energia.<\/p>\n<blockquote><p>En realidad los activistas, los desahuciados y quienes luchan con ellos, no tienen este tipo de dudas: ellos siempre han contestado \u201c\u00bfy qu\u00e9?\u201d Aunque a veces entren al trapo, no pierden mucho tiempo en discutir con quienes siempre llevan las de ganar pues juegan con cartas marcadas. Simplemente act\u00faan.<\/p><\/blockquote>\n<p>26\/03\/2013. Gran lucidesa \u00e9s la que mostra Guillermo Zapata al seu\u00a0<a href=\"http:\/\/madrilonia.org\/2013\/03\/elogio-del-escrache\/\">Elogio del Escrache<\/a>, partint dels inc\u00f2modes sopars de Papandreu, remarca el car\u00e0cter empoderador d&#8217;aquestes accions.<\/p>\n<blockquote><p>Un escrache es una acci\u00f3n en el que las personas afectadas se organizan, se visibilizan y se sienten arropadas y acompa\u00f1adas por otras personas. Los escraches son tambi\u00e9n la expresi\u00f3n de un afecto, de un grupo que se cuida y se acompa\u00f1a. Son un mecanismo contra la individualidad. Es decir, son un mecanismo contra la desesperaci\u00f3n. Son nuestro ir a Papandreu y echarle del restaurante. Pero adem\u00e1s lo es sostenido por un espacio pol\u00edtico organizado. No son un grito, una persecuci\u00f3n o una torta en medio de la calle fruto de la rabia. Al contrario, gobiernan la rabia y la convierten en potencia.<\/p><\/blockquote>\n<p>27\/03\/2013.\u00a0<a href=\"http:\/\/www.diagonalperiodico.net\/la-plaza\/existe-derecho-al-escrache.html\">\u00bfExiste el derecho al escrache?.<\/a>\u00a0\u00c9s una pregunta pr\u00f2pia de juristes les que es fan Gerardo Pisarello i Jaume Asens a\u00a0<em>El Diagonal<\/em>, en un article a on comparen l&#8217;escrache argent\u00ed i el de la PAH i parlen de llibertat d&#8217;expressi\u00f3, legalitat i legitimitat.<\/p>\n<blockquote><p>La ONU y el Tribunal europeo de derechos humanos se han cansado de repetir que la libertad de expresi\u00f3n y de manifestaci\u00f3n no se limita a proteger la cr\u00edtica educada o la que no molesta, sino sobre todo la que puede \u201cofender, resultar ingrata o perturbar\u201d. Enviar correos electr\u00f3nicos a un cargo electo, abuchearlo, tocar el timbre de su casa para entregarle una carta o gritarle consignas hirientes, pero con fines pol\u00edticos, puede sin dudas causar molestias. Pero forma parte de las cargas que ha de aceptar en un r\u00e9gimen que se pretenda democr\u00e1tico.<\/p><\/blockquote>\n<p>27\/03\/2013.\u00a0Una de les vict\u00f2ries de la PAH ha estat fer que una lluita invisible passi a estar dia rere dia en totes les portades.\u00a0<em>El Peri\u00f3dico<\/em> ha acabat per sumar-se de ple a la campanya contra els desnonaments, per\u00f2 en els seus editorials s&#8217;oposa a l&#8217;escrache. Un exemple \u00e9s\u00a0<a href=\"http:\/\/www.elperiodico.com\/es\/noticias\/opinion\/escrache-camino-arriesgado-2350053\">El &#8216;escrache&#8217;, un camino arriesgado<\/a>.<\/p>\n<blockquote><p>Un movimiento como la PAH ha significado no solo una valios\u00edsima ayuda concreta para los damnificados por las hipotecas sino una saludable muestra de que la ciudadan\u00eda no ha perdido la capacidad de unirse en defensa de sus intereses. Pero todo este capital acumulado est\u00e1 siendo puesto en riesgo por la propia plataforma con la campa\u00f1a de\u00a0<i>escraches<\/i>\u00a0ante domicilios de parlamentarios del PP para que en la nueva ley hipotecaria se acepte la daci\u00f3n en pago.<\/p><\/blockquote>\n<p>28\/03\/2013. \u00a0Des de la dreta, veiem com\u00a0<em>La Vanguardia <\/em>es posiciona de la mateixa manera que <i>El Peri\u00f3dico<\/i>\u00a0amb un editorial com <a href=\"http:\/\/www.lavanguardia.mobi\/slowdevice\/opinion\/editorial\/20130328\/54370752431\/sobre-el-escrache.html\">Sobre el escrache<\/a>.<\/p>\n<blockquote><p>La actividad pol\u00edtica est\u00e1 siempre sujeta al escrutinio ciudadano y a la eventual cr\u00edtica. As\u00ed debe ser. Pero no todo vale, ni cualquier fin justifica cualquier medio. Los representantes p\u00fablicos pueden ser aplaudidos o abucheados en los lugares donde desarrollan su labor. No deben sufrir escarnio en su domicilio. Sin embargo, tambi\u00e9n deben medir sus palabras. Bien est\u00e1 que lamenten el acoso, pero declaraciones como las de la delegada del Gobierno en Madrid, que intent\u00f3 desacreditar a las PAH sugiriendo que apoyan al entorno etarra, son intolerables trat\u00e1ndose de un movimiento ciudadano que intenta atenuar el drama de los desahucios.<\/p><\/blockquote>\n<p>01\/04\/2013. <a href=\"http:\/\/guerrerosdelteclado.wordpress.com\/2013\/04\/01\/ada-y-la-temible-banda-del-escrache\/\">Ada y la terrible banda del escrache.<\/a> La periodista Lali Sandiumenge contrarresta l&#8217;atac medi\u00e0tic a Ada Colau acompanyant-la durant dos dies i recorda que no nom\u00e9s \u00e9s l&#8217;Ada, sin\u00f3 moltes persones que es mobilitzen pels seus drets i que tenen el suport del carrer.<\/p>\n<blockquote><p>La temible banda del escrache son s\u00f3lo padres y muchas madres de familia, abuelos y chiquillos y unos cuantos j\u00f3venes que les dan apoyo. Vi mucha solidaridad, l\u00e1grimas y emociones, salpicadas con algo de esperanza y algunas risas. Estaba Ada Colau, que no daba abasto con tanto abrazo y tanta llamada de periodista (quer\u00edan saber su reacci\u00f3n a las enmiendas presentadas ese d\u00eda por el PP a la ILP hipotecaria que firmaron 1,5 millones de personas), pero tambi\u00e9n estaban Olga y sus dos ni\u00f1as, que se han quedado sin techo y una deuda abultada para toda la vida.<\/p><\/blockquote>\n<p>08\/04\/2013.\u00a0<a href=\"http:\/\/politica.elpais.com\/politica\/2013\/04\/07\/actualidad\/1365358645_241274.html\">Mengua el fuerte apoyo inicial a los escraches, seg\u00fan Metroscopia.<\/a> Una enquesta del diari\u00a0<em>El Pa\u00eds\u00a0<\/em>aporta dades sobre el suport social a l&#8217;escrache, que, a pesar del titular, \u00e9s molt elevat, fins i tot entre els votants del PP.<\/p>\n<blockquote><p>Los escraches o protestas ciudadanas en los domicilios de los pol\u00edticos tienen mala prensa y son descalificados con gruesas palabras por los principales partidos, pero mantienen un notable nivel de apoyo entre los ciudadanos. Hasta un 78% de los espa\u00f1oles est\u00e1 de acuerdo con la campa\u00f1a impulsada por la Plataforma de Afectados por la Hipoteca, seg\u00fan un sondeo de Metroscopia para EL PA\u00cdS.<\/p><\/blockquote>\n<p>10\/04\/2013.\u00a0<em>El Pa\u00eds<\/em> no sorpr\u00e8n i la seva postura est\u00e0 exactament amb la mateixa l\u00ednia que\u00a0<em>El Peri\u00f3dico<\/em> o\u00a0<em>La Vanguardia<\/em>. El titular de l&#8217;editorial \u00e9s, per\u00f2, m\u00e9s contundent:<a href=\"http:\/\/elpais.com\/elpais\/2013\/04\/09\/opinion\/1365533241_824332.html\">\u00a0<\/a><a href=\"http:\/\/elpais.com\/elpais\/2013\/04\/09\/opinion\/1365533241_824332.html\"><em>En las casas, no.<\/em><\/a><\/p>\n<blockquote><p>Los escraches amenazan con instalarse en Espa\u00f1a como un instrumento pol\u00edtico m\u00e1s: es hora de decir que ese m\u00e9todo es inaceptable. La protesta en ning\u00fan caso debe llevarse al \u00e1mbito privado, porque los electores no eligen a los familiares ni a los vecinos de los pol\u00edticos y no se puede implicar a terceros en formas de presi\u00f3n que conlleven gritos, abucheos, escarnios o un af\u00e1n de se\u00f1alamiento p\u00fablico.<\/p><\/blockquote>\n","protected":false},"excerpt":{"rendered":"<p>Fa poc m\u00e9s de dos mesos del meu primer post sobre l&#8217;escrache, per\u00f2 vista la velocitat dels esdeveniments, queda molt molt lluny. Jo vaig sentir-ne a parlar per primer cop el passat estiu. Qui en parlava era l&#8217;Ada Colau. Quan la PAH va anunciar la campanya d&#8217;escrache als diputats que no votessin a favor de &hellip; <\/p>\n<p class=\"link-more\"><a href=\"http:\/\/www.emdicjoao.com\/?p=567\" class=\"more-link\">Continua llegint <span class=\"screen-reader-text\">\u00abBiblioteca m\u00ednima de l&#8217;escrache\u00bb<\/span><\/a><\/p>\n","protected":false},"author":1,"featured_media":0,"comment_status":"open","ping_status":"open","sticky":false,"template":"","format":"standard","meta":{"_monsterinsights_skip_tracking":false,"_monsterinsights_sitenote_active":false,"_monsterinsights_sitenote_note":"","_monsterinsights_sitenote_category":0,"footnotes":""},"categories":[173,1],"tags":[227,211,187,163,228],"yoast_head":"<!-- This site is optimized with the Yoast SEO plugin v22.6 - https:\/\/yoast.com\/wordpress\/plugins\/seo\/ -->\n<title>Biblioteca m\u00ednima de l&#039;escrache - Em dic Jo\u00e3o<\/title>\n<meta name=\"robots\" content=\"index, follow, max-snippet:-1, max-image-preview:large, max-video-preview:-1\" \/>\n<link rel=\"canonical\" href=\"http:\/\/www.emdicjoao.com\/?p=567\" \/>\n<meta property=\"og:locale\" content=\"ca_ES\" \/>\n<meta property=\"og:type\" content=\"article\" \/>\n<meta property=\"og:title\" content=\"Biblioteca m\u00ednima de l&#039;escrache - Em dic Jo\u00e3o\" \/>\n<meta property=\"og:description\" content=\"Fa poc m\u00e9s de dos mesos del meu primer post sobre l&#8217;escrache, per\u00f2 vista la velocitat dels esdeveniments, queda molt molt lluny. Jo vaig sentir-ne a parlar per primer cop el passat estiu. Qui en parlava era l&#8217;Ada Colau. Quan la PAH va anunciar la campanya d&#8217;escrache als diputats que no votessin a favor de &hellip; Continua llegint \u00abBiblioteca m\u00ednima de l&#8217;escrache\u00bb\" \/>\n<meta property=\"og:url\" content=\"http:\/\/www.emdicjoao.com\/?p=567\" \/>\n<meta property=\"og:site_name\" content=\"Em dic Jo\u00e3o\" \/>\n<meta property=\"article:published_time\" content=\"2013-04-10T04:17:18+00:00\" \/>\n<meta name=\"author\" content=\"Jo\u00e3o Fran\u00e7a\" \/>\n<meta name=\"twitter:card\" content=\"summary_large_image\" \/>\n<meta name=\"twitter:creator\" content=\"@jotaemi\" \/>\n<meta name=\"twitter:site\" content=\"@jotaemi\" \/>\n<meta name=\"twitter:label1\" content=\"Escrit per\" \/>\n\t<meta name=\"twitter:data1\" content=\"Jo\u00e3o Fran\u00e7a\" \/>\n\t<meta name=\"twitter:label2\" content=\"Temps estimat de lectura\" \/>\n\t<meta name=\"twitter:data2\" content=\"9 minuts\" \/>\n<script type=\"application\/ld+json\" class=\"yoast-schema-graph\">{\"@context\":\"https:\/\/schema.org\",\"@graph\":[{\"@type\":\"WebPage\",\"@id\":\"http:\/\/www.emdicjoao.com\/?p=567\",\"url\":\"http:\/\/www.emdicjoao.com\/?p=567\",\"name\":\"Biblioteca m\u00ednima de l'escrache - Em dic Jo\u00e3o\",\"isPartOf\":{\"@id\":\"http:\/\/www.emdicjoao.com\/#website\"},\"datePublished\":\"2013-04-10T04:17:18+00:00\",\"dateModified\":\"2013-04-10T04:17:18+00:00\",\"author\":{\"@id\":\"http:\/\/www.emdicjoao.com\/#\/schema\/person\/3ced8d4b3512e6619f92933ea3e370bb\"},\"breadcrumb\":{\"@id\":\"http:\/\/www.emdicjoao.com\/?p=567#breadcrumb\"},\"inLanguage\":\"ca\",\"potentialAction\":[{\"@type\":\"ReadAction\",\"target\":[\"http:\/\/www.emdicjoao.com\/?p=567\"]}]},{\"@type\":\"BreadcrumbList\",\"@id\":\"http:\/\/www.emdicjoao.com\/?p=567#breadcrumb\",\"itemListElement\":[{\"@type\":\"ListItem\",\"position\":1,\"name\":\"Inici\",\"item\":\"http:\/\/www.emdicjoao.com\/\"},{\"@type\":\"ListItem\",\"position\":2,\"name\":\"Biblioteca m\u00ednima de l&#8217;escrache\"}]},{\"@type\":\"WebSite\",\"@id\":\"http:\/\/www.emdicjoao.com\/#website\",\"url\":\"http:\/\/www.emdicjoao.com\/\",\"name\":\"Em dic Jo\u00e3o\",\"description\":\"i torno a provar de tenir un blog\",\"potentialAction\":[{\"@type\":\"SearchAction\",\"target\":{\"@type\":\"EntryPoint\",\"urlTemplate\":\"http:\/\/www.emdicjoao.com\/?s={search_term_string}\"},\"query-input\":\"required name=search_term_string\"}],\"inLanguage\":\"ca\"},{\"@type\":\"Person\",\"@id\":\"http:\/\/www.emdicjoao.com\/#\/schema\/person\/3ced8d4b3512e6619f92933ea3e370bb\",\"name\":\"Jo\u00e3o Fran\u00e7a\",\"image\":{\"@type\":\"ImageObject\",\"inLanguage\":\"ca\",\"@id\":\"http:\/\/www.emdicjoao.com\/#\/schema\/person\/image\/\",\"url\":\"http:\/\/2.gravatar.com\/avatar\/874144ce703bbc3b1cb8439fcb156ae2?s=96&d=monsterid&r=g\",\"contentUrl\":\"http:\/\/2.gravatar.com\/avatar\/874144ce703bbc3b1cb8439fcb156ae2?s=96&d=monsterid&r=g\",\"caption\":\"Jo\u00e3o Fran\u00e7a\"}}]}<\/script>\n<!-- \/ Yoast SEO plugin. -->","yoast_head_json":{"title":"Biblioteca m\u00ednima de l'escrache - Em dic Jo\u00e3o","robots":{"index":"index","follow":"follow","max-snippet":"max-snippet:-1","max-image-preview":"max-image-preview:large","max-video-preview":"max-video-preview:-1"},"canonical":"http:\/\/www.emdicjoao.com\/?p=567","og_locale":"ca_ES","og_type":"article","og_title":"Biblioteca m\u00ednima de l'escrache - Em dic Jo\u00e3o","og_description":"Fa poc m\u00e9s de dos mesos del meu primer post sobre l&#8217;escrache, per\u00f2 vista la velocitat dels esdeveniments, queda molt molt lluny. Jo vaig sentir-ne a parlar per primer cop el passat estiu. Qui en parlava era l&#8217;Ada Colau. Quan la PAH va anunciar la campanya d&#8217;escrache als diputats que no votessin a favor de &hellip; Continua llegint \u00abBiblioteca m\u00ednima de l&#8217;escrache\u00bb","og_url":"http:\/\/www.emdicjoao.com\/?p=567","og_site_name":"Em dic Jo\u00e3o","article_published_time":"2013-04-10T04:17:18+00:00","author":"Jo\u00e3o Fran\u00e7a","twitter_card":"summary_large_image","twitter_creator":"@jotaemi","twitter_site":"@jotaemi","twitter_misc":{"Escrit per":"Jo\u00e3o Fran\u00e7a","Temps estimat de lectura":"9 minuts"},"schema":{"@context":"https:\/\/schema.org","@graph":[{"@type":"WebPage","@id":"http:\/\/www.emdicjoao.com\/?p=567","url":"http:\/\/www.emdicjoao.com\/?p=567","name":"Biblioteca m\u00ednima de l'escrache - Em dic Jo\u00e3o","isPartOf":{"@id":"http:\/\/www.emdicjoao.com\/#website"},"datePublished":"2013-04-10T04:17:18+00:00","dateModified":"2013-04-10T04:17:18+00:00","author":{"@id":"http:\/\/www.emdicjoao.com\/#\/schema\/person\/3ced8d4b3512e6619f92933ea3e370bb"},"breadcrumb":{"@id":"http:\/\/www.emdicjoao.com\/?p=567#breadcrumb"},"inLanguage":"ca","potentialAction":[{"@type":"ReadAction","target":["http:\/\/www.emdicjoao.com\/?p=567"]}]},{"@type":"BreadcrumbList","@id":"http:\/\/www.emdicjoao.com\/?p=567#breadcrumb","itemListElement":[{"@type":"ListItem","position":1,"name":"Inici","item":"http:\/\/www.emdicjoao.com\/"},{"@type":"ListItem","position":2,"name":"Biblioteca m\u00ednima de l&#8217;escrache"}]},{"@type":"WebSite","@id":"http:\/\/www.emdicjoao.com\/#website","url":"http:\/\/www.emdicjoao.com\/","name":"Em dic Jo\u00e3o","description":"i torno a provar de tenir un blog","potentialAction":[{"@type":"SearchAction","target":{"@type":"EntryPoint","urlTemplate":"http:\/\/www.emdicjoao.com\/?s={search_term_string}"},"query-input":"required name=search_term_string"}],"inLanguage":"ca"},{"@type":"Person","@id":"http:\/\/www.emdicjoao.com\/#\/schema\/person\/3ced8d4b3512e6619f92933ea3e370bb","name":"Jo\u00e3o Fran\u00e7a","image":{"@type":"ImageObject","inLanguage":"ca","@id":"http:\/\/www.emdicjoao.com\/#\/schema\/person\/image\/","url":"http:\/\/2.gravatar.com\/avatar\/874144ce703bbc3b1cb8439fcb156ae2?s=96&d=monsterid&r=g","contentUrl":"http:\/\/2.gravatar.com\/avatar\/874144ce703bbc3b1cb8439fcb156ae2?s=96&d=monsterid&r=g","caption":"Jo\u00e3o Fran\u00e7a"}}]}},"_links":{"self":[{"href":"http:\/\/www.emdicjoao.com\/index.php?rest_route=\/wp\/v2\/posts\/567"}],"collection":[{"href":"http:\/\/www.emdicjoao.com\/index.php?rest_route=\/wp\/v2\/posts"}],"about":[{"href":"http:\/\/www.emdicjoao.com\/index.php?rest_route=\/wp\/v2\/types\/post"}],"author":[{"embeddable":true,"href":"http:\/\/www.emdicjoao.com\/index.php?rest_route=\/wp\/v2\/users\/1"}],"replies":[{"embeddable":true,"href":"http:\/\/www.emdicjoao.com\/index.php?rest_route=%2Fwp%2Fv2%2Fcomments&post=567"}],"version-history":[{"count":7,"href":"http:\/\/www.emdicjoao.com\/index.php?rest_route=\/wp\/v2\/posts\/567\/revisions"}],"predecessor-version":[{"id":579,"href":"http:\/\/www.emdicjoao.com\/index.php?rest_route=\/wp\/v2\/posts\/567\/revisions\/579"}],"wp:attachment":[{"href":"http:\/\/www.emdicjoao.com\/index.php?rest_route=%2Fwp%2Fv2%2Fmedia&parent=567"}],"wp:term":[{"taxonomy":"category","embeddable":true,"href":"http:\/\/www.emdicjoao.com\/index.php?rest_route=%2Fwp%2Fv2%2Fcategories&post=567"},{"taxonomy":"post_tag","embeddable":true,"href":"http:\/\/www.emdicjoao.com\/index.php?rest_route=%2Fwp%2Fv2%2Ftags&post=567"}],"curies":[{"name":"wp","href":"https:\/\/api.w.org\/{rel}","templated":true}]}}