{"id":18,"date":"2008-12-27T04:01:55","date_gmt":"2008-12-27T03:01:55","guid":{"rendered":"http:\/\/emdicjoao.wordpress.com\/?p=18"},"modified":"2008-12-27T04:01:55","modified_gmt":"2008-12-27T03:01:55","slug":"sobre-prioridades","status":"publish","type":"post","link":"https:\/\/www.emdicjoao.com\/?p=18","title":{"rendered":"Sobre prioridades"},"content":{"rendered":"<blockquote><p>\u2013Habr\u00eda que saber qui\u00e9n impide fabricar las m\u00e1quinas \u2013dijo Colin\u2013. Lo que falta, por lo visto, es tiempo. La gente pierde el tiempo en vivir y entonces ya no le queda tiempo para trabajar.<\/p>\n<p>\u2013\u00bfNo ser\u00e1 m\u00e1s bien lo contrario? \u2013dijo Chlo\u00e9.<\/p>\n<p>\u2013No \u2013dijo Colin\u2013. Si tuvieran tiempo para construir m\u00e1quinas, luego ya no tendr\u00edan necesidad de hacer nada. Lo que yo quiero decir es que la gente trabaja para vivir en lugar de trabajar para hacer m\u00e1quinas que les permitan vivir sin trabajar.<\/p>\n<p>[&#8230;]<\/p>\n<p>\u2013Vamos a hablar de otra cosa \u2013dijo Chlo\u00e9\u2013, estos temas me dejan agotada. Dime si te gusta mi pelo&#8230;<\/p><\/blockquote>\n<p style=\"text-align:right;\"><em>La espuma de los d\u00edas<\/em>, <a href=\"http:\/\/atenespericles.wordpress.com\/2008\/12\/26\/jo-vull-ser-boris-vian\/\">Boris Vian<\/a><\/p>\n","protected":false},"excerpt":{"rendered":"<p>\u2013Habr\u00eda que saber qui\u00e9n impide fabricar las m\u00e1quinas \u2013dijo Colin\u2013. Lo que falta, por lo visto, es tiempo. La gente pierde el tiempo en vivir y entonces ya no le queda tiempo para trabajar. \u2013\u00bfNo ser\u00e1 m\u00e1s bien lo contrario? \u2013dijo Chlo\u00e9. \u2013No \u2013dijo Colin\u2013. Si tuvieran tiempo para construir m\u00e1quinas, luego ya no tendr\u00edan &hellip; <\/p>\n<p class=\"link-more\"><a href=\"https:\/\/www.emdicjoao.com\/?p=18\" class=\"more-link\">Continua llegint <span class=\"screen-reader-text\">\u00abSobre prioridades\u00bb<\/span><\/a><\/p>\n","protected":false},"author":2,"featured_media":0,"comment_status":"open","ping_status":"open","sticky":false,"template":"","format":"standard","meta":{"_monsterinsights_skip_tracking":false,"_monsterinsights_sitenote_active":false,"_monsterinsights_sitenote_note":"","_monsterinsights_sitenote_category":0,"footnotes":""},"categories":[5],"tags":[31,92,122],"yoast_head":"<!-- This site is optimized with the Yoast SEO plugin v22.6 - https:\/\/yoast.com\/wordpress\/plugins\/seo\/ -->\n<title>Sobre prioridades - Em dic Jo\u00e3o<\/title>\n<meta name=\"robots\" content=\"index, follow, max-snippet:-1, max-image-preview:large, max-video-preview:-1\" \/>\n<link rel=\"canonical\" href=\"https:\/\/www.emdicjoao.com\/?p=18\" \/>\n<meta property=\"og:locale\" content=\"ca_ES\" \/>\n<meta property=\"og:type\" content=\"article\" \/>\n<meta property=\"og:title\" content=\"Sobre prioridades - Em dic Jo\u00e3o\" \/>\n<meta property=\"og:description\" content=\"\u2013Habr\u00eda que saber qui\u00e9n impide fabricar las m\u00e1quinas \u2013dijo Colin\u2013. Lo que falta, por lo visto, es tiempo. La gente pierde el tiempo en vivir y entonces ya no le queda tiempo para trabajar. \u2013\u00bfNo ser\u00e1 m\u00e1s bien lo contrario? \u2013dijo Chlo\u00e9. \u2013No \u2013dijo Colin\u2013. Si tuvieran tiempo para construir m\u00e1quinas, luego ya no tendr\u00edan &hellip; Continua llegint \u00abSobre prioridades\u00bb\" \/>\n<meta property=\"og:url\" content=\"https:\/\/www.emdicjoao.com\/?p=18\" \/>\n<meta property=\"og:site_name\" content=\"Em dic Jo\u00e3o\" \/>\n<meta property=\"article:published_time\" content=\"2008-12-27T03:01:55+00:00\" \/>\n<meta name=\"author\" content=\"Jo\u00e3o Fran\u00e7a (blog antic)\" \/>\n<meta name=\"twitter:card\" content=\"summary_large_image\" \/>\n<meta name=\"twitter:creator\" content=\"@jotaemi\" \/>\n<meta name=\"twitter:site\" content=\"@jotaemi\" \/>\n<meta name=\"twitter:label1\" content=\"Escrit per\" \/>\n\t<meta name=\"twitter:data1\" content=\"Jo\u00e3o Fran\u00e7a (blog antic)\" \/>\n\t<meta name=\"twitter:label2\" content=\"Temps estimat de lectura\" \/>\n\t<meta name=\"twitter:data2\" content=\"1 minut\" \/>\n<script type=\"application\/ld+json\" class=\"yoast-schema-graph\">{\"@context\":\"https:\/\/schema.org\",\"@graph\":[{\"@type\":\"WebPage\",\"@id\":\"https:\/\/www.emdicjoao.com\/?p=18\",\"url\":\"https:\/\/www.emdicjoao.com\/?p=18\",\"name\":\"Sobre prioridades - Em dic Jo\u00e3o\",\"isPartOf\":{\"@id\":\"https:\/\/www.emdicjoao.com\/#website\"},\"datePublished\":\"2008-12-27T03:01:55+00:00\",\"dateModified\":\"2008-12-27T03:01:55+00:00\",\"author\":{\"@id\":\"https:\/\/www.emdicjoao.com\/#\/schema\/person\/77eacbb1dcbb3afd8e53cc3b3ef1ebc1\"},\"breadcrumb\":{\"@id\":\"https:\/\/www.emdicjoao.com\/?p=18#breadcrumb\"},\"inLanguage\":\"ca\",\"potentialAction\":[{\"@type\":\"ReadAction\",\"target\":[\"https:\/\/www.emdicjoao.com\/?p=18\"]}]},{\"@type\":\"BreadcrumbList\",\"@id\":\"https:\/\/www.emdicjoao.com\/?p=18#breadcrumb\",\"itemListElement\":[{\"@type\":\"ListItem\",\"position\":1,\"name\":\"Inici\",\"item\":\"https:\/\/www.emdicjoao.com\/\"},{\"@type\":\"ListItem\",\"position\":2,\"name\":\"Sobre prioridades\"}]},{\"@type\":\"WebSite\",\"@id\":\"https:\/\/www.emdicjoao.com\/#website\",\"url\":\"https:\/\/www.emdicjoao.com\/\",\"name\":\"Em dic Jo\u00e3o\",\"description\":\"i torno a provar de tenir un blog\",\"potentialAction\":[{\"@type\":\"SearchAction\",\"target\":{\"@type\":\"EntryPoint\",\"urlTemplate\":\"https:\/\/www.emdicjoao.com\/?s={search_term_string}\"},\"query-input\":\"required name=search_term_string\"}],\"inLanguage\":\"ca\"},{\"@type\":\"Person\",\"@id\":\"https:\/\/www.emdicjoao.com\/#\/schema\/person\/77eacbb1dcbb3afd8e53cc3b3ef1ebc1\",\"name\":\"Jo\u00e3o Fran\u00e7a (blog antic)\",\"image\":{\"@type\":\"ImageObject\",\"inLanguage\":\"ca\",\"@id\":\"https:\/\/www.emdicjoao.com\/#\/schema\/person\/image\/\",\"url\":\"https:\/\/secure.gravatar.com\/avatar\/2e3d24fdc8a1e0112d7f0353f6a54f18?s=96&d=monsterid&r=g\",\"contentUrl\":\"https:\/\/secure.gravatar.com\/avatar\/2e3d24fdc8a1e0112d7f0353f6a54f18?s=96&d=monsterid&r=g\",\"caption\":\"Jo\u00e3o Fran\u00e7a (blog antic)\"},\"sameAs\":[\"http:\/\/emdicjoao.wordpress.com\/\"]}]}<\/script>\n<!-- \/ Yoast SEO plugin. -->","yoast_head_json":{"title":"Sobre prioridades - Em dic Jo\u00e3o","robots":{"index":"index","follow":"follow","max-snippet":"max-snippet:-1","max-image-preview":"max-image-preview:large","max-video-preview":"max-video-preview:-1"},"canonical":"https:\/\/www.emdicjoao.com\/?p=18","og_locale":"ca_ES","og_type":"article","og_title":"Sobre prioridades - Em dic Jo\u00e3o","og_description":"\u2013Habr\u00eda que saber qui\u00e9n impide fabricar las m\u00e1quinas \u2013dijo Colin\u2013. Lo que falta, por lo visto, es tiempo. La gente pierde el tiempo en vivir y entonces ya no le queda tiempo para trabajar. \u2013\u00bfNo ser\u00e1 m\u00e1s bien lo contrario? \u2013dijo Chlo\u00e9. \u2013No \u2013dijo Colin\u2013. Si tuvieran tiempo para construir m\u00e1quinas, luego ya no tendr\u00edan &hellip; Continua llegint \u00abSobre prioridades\u00bb","og_url":"https:\/\/www.emdicjoao.com\/?p=18","og_site_name":"Em dic Jo\u00e3o","article_published_time":"2008-12-27T03:01:55+00:00","author":"Jo\u00e3o Fran\u00e7a (blog antic)","twitter_card":"summary_large_image","twitter_creator":"@jotaemi","twitter_site":"@jotaemi","twitter_misc":{"Escrit per":"Jo\u00e3o Fran\u00e7a (blog antic)","Temps estimat de lectura":"1 minut"},"schema":{"@context":"https:\/\/schema.org","@graph":[{"@type":"WebPage","@id":"https:\/\/www.emdicjoao.com\/?p=18","url":"https:\/\/www.emdicjoao.com\/?p=18","name":"Sobre prioridades - Em dic Jo\u00e3o","isPartOf":{"@id":"https:\/\/www.emdicjoao.com\/#website"},"datePublished":"2008-12-27T03:01:55+00:00","dateModified":"2008-12-27T03:01:55+00:00","author":{"@id":"https:\/\/www.emdicjoao.com\/#\/schema\/person\/77eacbb1dcbb3afd8e53cc3b3ef1ebc1"},"breadcrumb":{"@id":"https:\/\/www.emdicjoao.com\/?p=18#breadcrumb"},"inLanguage":"ca","potentialAction":[{"@type":"ReadAction","target":["https:\/\/www.emdicjoao.com\/?p=18"]}]},{"@type":"BreadcrumbList","@id":"https:\/\/www.emdicjoao.com\/?p=18#breadcrumb","itemListElement":[{"@type":"ListItem","position":1,"name":"Inici","item":"https:\/\/www.emdicjoao.com\/"},{"@type":"ListItem","position":2,"name":"Sobre prioridades"}]},{"@type":"WebSite","@id":"https:\/\/www.emdicjoao.com\/#website","url":"https:\/\/www.emdicjoao.com\/","name":"Em dic Jo\u00e3o","description":"i torno a provar de tenir un blog","potentialAction":[{"@type":"SearchAction","target":{"@type":"EntryPoint","urlTemplate":"https:\/\/www.emdicjoao.com\/?s={search_term_string}"},"query-input":"required name=search_term_string"}],"inLanguage":"ca"},{"@type":"Person","@id":"https:\/\/www.emdicjoao.com\/#\/schema\/person\/77eacbb1dcbb3afd8e53cc3b3ef1ebc1","name":"Jo\u00e3o Fran\u00e7a (blog antic)","image":{"@type":"ImageObject","inLanguage":"ca","@id":"https:\/\/www.emdicjoao.com\/#\/schema\/person\/image\/","url":"https:\/\/secure.gravatar.com\/avatar\/2e3d24fdc8a1e0112d7f0353f6a54f18?s=96&d=monsterid&r=g","contentUrl":"https:\/\/secure.gravatar.com\/avatar\/2e3d24fdc8a1e0112d7f0353f6a54f18?s=96&d=monsterid&r=g","caption":"Jo\u00e3o Fran\u00e7a (blog antic)"},"sameAs":["http:\/\/emdicjoao.wordpress.com\/"]}]}},"_links":{"self":[{"href":"https:\/\/www.emdicjoao.com\/index.php?rest_route=\/wp\/v2\/posts\/18"}],"collection":[{"href":"https:\/\/www.emdicjoao.com\/index.php?rest_route=\/wp\/v2\/posts"}],"about":[{"href":"https:\/\/www.emdicjoao.com\/index.php?rest_route=\/wp\/v2\/types\/post"}],"author":[{"embeddable":true,"href":"https:\/\/www.emdicjoao.com\/index.php?rest_route=\/wp\/v2\/users\/2"}],"replies":[{"embeddable":true,"href":"https:\/\/www.emdicjoao.com\/index.php?rest_route=%2Fwp%2Fv2%2Fcomments&post=18"}],"version-history":[{"count":0,"href":"https:\/\/www.emdicjoao.com\/index.php?rest_route=\/wp\/v2\/posts\/18\/revisions"}],"wp:attachment":[{"href":"https:\/\/www.emdicjoao.com\/index.php?rest_route=%2Fwp%2Fv2%2Fmedia&parent=18"}],"wp:term":[{"taxonomy":"category","embeddable":true,"href":"https:\/\/www.emdicjoao.com\/index.php?rest_route=%2Fwp%2Fv2%2Fcategories&post=18"},{"taxonomy":"post_tag","embeddable":true,"href":"https:\/\/www.emdicjoao.com\/index.php?rest_route=%2Fwp%2Fv2%2Ftags&post=18"}],"curies":[{"name":"wp","href":"https:\/\/api.w.org\/{rel}","templated":true}]}}