{"id":344,"date":"2010-08-25T22:46:16","date_gmt":"2010-08-25T21:46:16","guid":{"rendered":"http:\/\/emdicjoao.wordpress.com\/?p=344"},"modified":"2010-08-25T22:46:16","modified_gmt":"2010-08-25T21:46:16","slug":"cronica-veloc-dun-viatge-llarg","status":"publish","type":"post","link":"https:\/\/www.emdicjoao.com\/?p=344","title":{"rendered":"Cr\u00f2nica velo\u00e7 d&#8217;un viatge llarg"},"content":{"rendered":"<p>Llevar-se d&#8217;hora. Aeroport de Bras\u00edlia. Vol cap a S\u00e3o Paulo. Seient del costat buit. Hores d&#8217;espera. S\u00e3o Paulo-Roma al costat d&#8217;un itali\u00e0 for\u00e7ut, pudent i simp\u00e0tic que porta un tatuatge que diu &#8220;Carpe Diem&#8221; amb lletres g\u00f2tiques. La seva dona obre la finestra. Espectacle de llamps a l&#8217;exterior. Dormir. Despertar sobtadament. No poder dormir. Per la finestra, <strong>veure sortir el sol a l&#8217;\u00c0frica; una franja taronja, vermellosa, sota l&#8217;infinit blau fosc.<\/strong> Roma i aeroport ca\u00f2tic; quasi perdre el vol. Barcelona; estiu, humitat i recepci\u00f3 amb <span style=\"color:#ff6600;\"><strong>globus<\/strong><\/span>.<\/p>\n","protected":false},"excerpt":{"rendered":"<p>Llevar-se d&#8217;hora. Aeroport de Bras\u00edlia. Vol cap a S\u00e3o Paulo. Seient del costat buit. Hores d&#8217;espera. S\u00e3o Paulo-Roma al costat d&#8217;un itali\u00e0 for\u00e7ut, pudent i simp\u00e0tic que porta un tatuatge que diu &#8220;Carpe Diem&#8221; amb lletres g\u00f2tiques. La seva dona obre la finestra. Espectacle de llamps a l&#8217;exterior. Dormir. Despertar sobtadament. No poder dormir. Per &hellip; <\/p>\n<p class=\"link-more\"><a href=\"https:\/\/www.emdicjoao.com\/?p=344\" class=\"more-link\">Continua llegint <span class=\"screen-reader-text\">\u00abCr\u00f2nica velo\u00e7 d&#8217;un viatge llarg\u00bb<\/span><\/a><\/p>\n","protected":false},"author":2,"featured_media":0,"comment_status":"open","ping_status":"open","sticky":false,"template":"","format":"standard","meta":{"_monsterinsights_skip_tracking":false,"_monsterinsights_sitenote_active":false,"_monsterinsights_sitenote_note":"","_monsterinsights_sitenote_category":0,"footnotes":""},"categories":[5],"tags":[],"yoast_head":"<!-- This site is optimized with the Yoast SEO plugin v22.6 - https:\/\/yoast.com\/wordpress\/plugins\/seo\/ -->\n<title>Cr\u00f2nica velo\u00e7 d&#039;un viatge llarg - Em dic Jo\u00e3o<\/title>\n<meta name=\"robots\" content=\"index, follow, max-snippet:-1, max-image-preview:large, max-video-preview:-1\" \/>\n<link rel=\"canonical\" href=\"https:\/\/www.emdicjoao.com\/?p=344\" \/>\n<meta property=\"og:locale\" content=\"ca_ES\" \/>\n<meta property=\"og:type\" content=\"article\" \/>\n<meta property=\"og:title\" content=\"Cr\u00f2nica velo\u00e7 d&#039;un viatge llarg - Em dic Jo\u00e3o\" \/>\n<meta property=\"og:description\" content=\"Llevar-se d&#8217;hora. Aeroport de Bras\u00edlia. Vol cap a S\u00e3o Paulo. Seient del costat buit. Hores d&#8217;espera. S\u00e3o Paulo-Roma al costat d&#8217;un itali\u00e0 for\u00e7ut, pudent i simp\u00e0tic que porta un tatuatge que diu &#8220;Carpe Diem&#8221; amb lletres g\u00f2tiques. La seva dona obre la finestra. Espectacle de llamps a l&#8217;exterior. Dormir. Despertar sobtadament. No poder dormir. Per &hellip; Continua llegint \u00abCr\u00f2nica velo\u00e7 d&#8217;un viatge llarg\u00bb\" \/>\n<meta property=\"og:url\" content=\"https:\/\/www.emdicjoao.com\/?p=344\" \/>\n<meta property=\"og:site_name\" content=\"Em dic Jo\u00e3o\" \/>\n<meta property=\"article:published_time\" content=\"2010-08-25T21:46:16+00:00\" \/>\n<meta name=\"author\" content=\"Jo\u00e3o Fran\u00e7a (blog antic)\" \/>\n<meta name=\"twitter:card\" content=\"summary_large_image\" \/>\n<meta name=\"twitter:creator\" content=\"@jotaemi\" \/>\n<meta name=\"twitter:site\" content=\"@jotaemi\" \/>\n<meta name=\"twitter:label1\" content=\"Escrit per\" \/>\n\t<meta name=\"twitter:data1\" content=\"Jo\u00e3o Fran\u00e7a (blog antic)\" \/>\n<script type=\"application\/ld+json\" class=\"yoast-schema-graph\">{\"@context\":\"https:\/\/schema.org\",\"@graph\":[{\"@type\":\"WebPage\",\"@id\":\"https:\/\/www.emdicjoao.com\/?p=344\",\"url\":\"https:\/\/www.emdicjoao.com\/?p=344\",\"name\":\"Cr\u00f2nica velo\u00e7 d'un viatge llarg - Em dic Jo\u00e3o\",\"isPartOf\":{\"@id\":\"http:\/\/www.emdicjoao.com\/#website\"},\"datePublished\":\"2010-08-25T21:46:16+00:00\",\"dateModified\":\"2010-08-25T21:46:16+00:00\",\"author\":{\"@id\":\"http:\/\/www.emdicjoao.com\/#\/schema\/person\/77eacbb1dcbb3afd8e53cc3b3ef1ebc1\"},\"breadcrumb\":{\"@id\":\"https:\/\/www.emdicjoao.com\/?p=344#breadcrumb\"},\"inLanguage\":\"ca\",\"potentialAction\":[{\"@type\":\"ReadAction\",\"target\":[\"https:\/\/www.emdicjoao.com\/?p=344\"]}]},{\"@type\":\"BreadcrumbList\",\"@id\":\"https:\/\/www.emdicjoao.com\/?p=344#breadcrumb\",\"itemListElement\":[{\"@type\":\"ListItem\",\"position\":1,\"name\":\"Inici\",\"item\":\"http:\/\/www.emdicjoao.com\/\"},{\"@type\":\"ListItem\",\"position\":2,\"name\":\"Cr\u00f2nica velo\u00e7 d&#8217;un viatge llarg\"}]},{\"@type\":\"WebSite\",\"@id\":\"http:\/\/www.emdicjoao.com\/#website\",\"url\":\"http:\/\/www.emdicjoao.com\/\",\"name\":\"Em dic Jo\u00e3o\",\"description\":\"i torno a provar de tenir un blog\",\"potentialAction\":[{\"@type\":\"SearchAction\",\"target\":{\"@type\":\"EntryPoint\",\"urlTemplate\":\"http:\/\/www.emdicjoao.com\/?s={search_term_string}\"},\"query-input\":\"required name=search_term_string\"}],\"inLanguage\":\"ca\"},{\"@type\":\"Person\",\"@id\":\"http:\/\/www.emdicjoao.com\/#\/schema\/person\/77eacbb1dcbb3afd8e53cc3b3ef1ebc1\",\"name\":\"Jo\u00e3o Fran\u00e7a (blog antic)\",\"image\":{\"@type\":\"ImageObject\",\"inLanguage\":\"ca\",\"@id\":\"http:\/\/www.emdicjoao.com\/#\/schema\/person\/image\/\",\"url\":\"https:\/\/secure.gravatar.com\/avatar\/2e3d24fdc8a1e0112d7f0353f6a54f18?s=96&d=monsterid&r=g\",\"contentUrl\":\"https:\/\/secure.gravatar.com\/avatar\/2e3d24fdc8a1e0112d7f0353f6a54f18?s=96&d=monsterid&r=g\",\"caption\":\"Jo\u00e3o Fran\u00e7a (blog antic)\"},\"sameAs\":[\"http:\/\/emdicjoao.wordpress.com\/\"]}]}<\/script>\n<!-- \/ Yoast SEO plugin. -->","yoast_head_json":{"title":"Cr\u00f2nica velo\u00e7 d'un viatge llarg - Em dic Jo\u00e3o","robots":{"index":"index","follow":"follow","max-snippet":"max-snippet:-1","max-image-preview":"max-image-preview:large","max-video-preview":"max-video-preview:-1"},"canonical":"https:\/\/www.emdicjoao.com\/?p=344","og_locale":"ca_ES","og_type":"article","og_title":"Cr\u00f2nica velo\u00e7 d'un viatge llarg - Em dic Jo\u00e3o","og_description":"Llevar-se d&#8217;hora. Aeroport de Bras\u00edlia. Vol cap a S\u00e3o Paulo. Seient del costat buit. Hores d&#8217;espera. S\u00e3o Paulo-Roma al costat d&#8217;un itali\u00e0 for\u00e7ut, pudent i simp\u00e0tic que porta un tatuatge que diu &#8220;Carpe Diem&#8221; amb lletres g\u00f2tiques. La seva dona obre la finestra. Espectacle de llamps a l&#8217;exterior. Dormir. Despertar sobtadament. No poder dormir. Per &hellip; Continua llegint \u00abCr\u00f2nica velo\u00e7 d&#8217;un viatge llarg\u00bb","og_url":"https:\/\/www.emdicjoao.com\/?p=344","og_site_name":"Em dic Jo\u00e3o","article_published_time":"2010-08-25T21:46:16+00:00","author":"Jo\u00e3o Fran\u00e7a (blog antic)","twitter_card":"summary_large_image","twitter_creator":"@jotaemi","twitter_site":"@jotaemi","twitter_misc":{"Escrit per":"Jo\u00e3o Fran\u00e7a (blog antic)"},"schema":{"@context":"https:\/\/schema.org","@graph":[{"@type":"WebPage","@id":"https:\/\/www.emdicjoao.com\/?p=344","url":"https:\/\/www.emdicjoao.com\/?p=344","name":"Cr\u00f2nica velo\u00e7 d'un viatge llarg - Em dic Jo\u00e3o","isPartOf":{"@id":"http:\/\/www.emdicjoao.com\/#website"},"datePublished":"2010-08-25T21:46:16+00:00","dateModified":"2010-08-25T21:46:16+00:00","author":{"@id":"http:\/\/www.emdicjoao.com\/#\/schema\/person\/77eacbb1dcbb3afd8e53cc3b3ef1ebc1"},"breadcrumb":{"@id":"https:\/\/www.emdicjoao.com\/?p=344#breadcrumb"},"inLanguage":"ca","potentialAction":[{"@type":"ReadAction","target":["https:\/\/www.emdicjoao.com\/?p=344"]}]},{"@type":"BreadcrumbList","@id":"https:\/\/www.emdicjoao.com\/?p=344#breadcrumb","itemListElement":[{"@type":"ListItem","position":1,"name":"Inici","item":"http:\/\/www.emdicjoao.com\/"},{"@type":"ListItem","position":2,"name":"Cr\u00f2nica velo\u00e7 d&#8217;un viatge llarg"}]},{"@type":"WebSite","@id":"http:\/\/www.emdicjoao.com\/#website","url":"http:\/\/www.emdicjoao.com\/","name":"Em dic Jo\u00e3o","description":"i torno a provar de tenir un blog","potentialAction":[{"@type":"SearchAction","target":{"@type":"EntryPoint","urlTemplate":"http:\/\/www.emdicjoao.com\/?s={search_term_string}"},"query-input":"required name=search_term_string"}],"inLanguage":"ca"},{"@type":"Person","@id":"http:\/\/www.emdicjoao.com\/#\/schema\/person\/77eacbb1dcbb3afd8e53cc3b3ef1ebc1","name":"Jo\u00e3o Fran\u00e7a (blog antic)","image":{"@type":"ImageObject","inLanguage":"ca","@id":"http:\/\/www.emdicjoao.com\/#\/schema\/person\/image\/","url":"https:\/\/secure.gravatar.com\/avatar\/2e3d24fdc8a1e0112d7f0353f6a54f18?s=96&d=monsterid&r=g","contentUrl":"https:\/\/secure.gravatar.com\/avatar\/2e3d24fdc8a1e0112d7f0353f6a54f18?s=96&d=monsterid&r=g","caption":"Jo\u00e3o Fran\u00e7a (blog antic)"},"sameAs":["http:\/\/emdicjoao.wordpress.com\/"]}]}},"_links":{"self":[{"href":"https:\/\/www.emdicjoao.com\/index.php?rest_route=\/wp\/v2\/posts\/344"}],"collection":[{"href":"https:\/\/www.emdicjoao.com\/index.php?rest_route=\/wp\/v2\/posts"}],"about":[{"href":"https:\/\/www.emdicjoao.com\/index.php?rest_route=\/wp\/v2\/types\/post"}],"author":[{"embeddable":true,"href":"https:\/\/www.emdicjoao.com\/index.php?rest_route=\/wp\/v2\/users\/2"}],"replies":[{"embeddable":true,"href":"https:\/\/www.emdicjoao.com\/index.php?rest_route=%2Fwp%2Fv2%2Fcomments&post=344"}],"version-history":[{"count":0,"href":"https:\/\/www.emdicjoao.com\/index.php?rest_route=\/wp\/v2\/posts\/344\/revisions"}],"wp:attachment":[{"href":"https:\/\/www.emdicjoao.com\/index.php?rest_route=%2Fwp%2Fv2%2Fmedia&parent=344"}],"wp:term":[{"taxonomy":"category","embeddable":true,"href":"https:\/\/www.emdicjoao.com\/index.php?rest_route=%2Fwp%2Fv2%2Fcategories&post=344"},{"taxonomy":"post_tag","embeddable":true,"href":"https:\/\/www.emdicjoao.com\/index.php?rest_route=%2Fwp%2Fv2%2Ftags&post=344"}],"curies":[{"name":"wp","href":"https:\/\/api.w.org\/{rel}","templated":true}]}}