{"id":365,"date":"2010-10-23T01:08:03","date_gmt":"2010-10-23T00:08:03","guid":{"rendered":"http:\/\/emdicjoao.wordpress.com\/?p=365"},"modified":"2010-10-23T01:08:03","modified_gmt":"2010-10-23T00:08:03","slug":"totes-les-converses-que-no-he-tingut","status":"publish","type":"post","link":"https:\/\/www.emdicjoao.com\/?p=365","title":{"rendered":"Totes les converses que no he tingut"},"content":{"rendered":"<p>He tingut moltes converses sobre hist\u00f2ries que mai no he escrit. M&#8217;agradaria escriure una reflexi\u00f3 sobre totes les converses que no he tingut (<em>y no volver\u00e1n del fondo de las rocas, no volver\u00e1n del tiempo subterr\u00e1neo).<\/em><\/p>\n<p>No he pogut parlar amb ning\u00fa, per exemple, sobre un munt d&#8217;hist\u00f2ries que vull escriure. No he tingut aquella conversa de &#8220;Hola. Com est\u00e0s?&#8221; No he pogut parlar amb ning\u00fa sobre la reflexi\u00f3 que he fet \u00faltimament, arrel de la meva formaci\u00f3 com a pallasso, sobre el nen que porto a dins. No he pogut dir a ning\u00fa que, tot i tenir la impressi\u00f3 de tenir problemes amb la meva inf\u00e0ncia, dono molta import\u00e0ncia a la meva part infantil. Potser s\u00ed que he pogut dir algun cop que el meu objectiu vital \u00e9s divertir-me.<\/p>\n<p>He fet moltes coses, s\u00ed. Tamb\u00e9 m&#8217;ho he passat b\u00e9 (sin\u00f3 no les hagu\u00e9s fet), per\u00f2 encara em falten moltes converses.<\/p>\n","protected":false},"excerpt":{"rendered":"<p>He tingut moltes converses sobre hist\u00f2ries que mai no he escrit. M&#8217;agradaria escriure una reflexi\u00f3 sobre totes les converses que no he tingut (y no volver\u00e1n del fondo de las rocas, no volver\u00e1n del tiempo subterr\u00e1neo). No he pogut parlar amb ning\u00fa, per exemple, sobre un munt d&#8217;hist\u00f2ries que vull escriure. No he tingut aquella &hellip; <\/p>\n<p class=\"link-more\"><a href=\"https:\/\/www.emdicjoao.com\/?p=365\" class=\"more-link\">Continua llegint <span class=\"screen-reader-text\">\u00abTotes les converses que no he tingut\u00bb<\/span><\/a><\/p>\n","protected":false},"author":2,"featured_media":0,"comment_status":"open","ping_status":"open","sticky":false,"template":"","format":"standard","meta":{"_monsterinsights_skip_tracking":false,"_monsterinsights_sitenote_active":false,"_monsterinsights_sitenote_note":"","_monsterinsights_sitenote_category":0,"footnotes":""},"categories":[5],"tags":[],"yoast_head":"<!-- This site is optimized with the Yoast SEO plugin v22.6 - https:\/\/yoast.com\/wordpress\/plugins\/seo\/ -->\n<title>Totes les converses que no he tingut - Em dic Jo\u00e3o<\/title>\n<meta name=\"robots\" content=\"index, follow, max-snippet:-1, max-image-preview:large, max-video-preview:-1\" \/>\n<link rel=\"canonical\" href=\"https:\/\/www.emdicjoao.com\/?p=365\" \/>\n<meta property=\"og:locale\" content=\"ca_ES\" \/>\n<meta property=\"og:type\" content=\"article\" \/>\n<meta property=\"og:title\" content=\"Totes les converses que no he tingut - Em dic Jo\u00e3o\" \/>\n<meta property=\"og:description\" content=\"He tingut moltes converses sobre hist\u00f2ries que mai no he escrit. M&#8217;agradaria escriure una reflexi\u00f3 sobre totes les converses que no he tingut (y no volver\u00e1n del fondo de las rocas, no volver\u00e1n del tiempo subterr\u00e1neo). No he pogut parlar amb ning\u00fa, per exemple, sobre un munt d&#8217;hist\u00f2ries que vull escriure. No he tingut aquella &hellip; Continua llegint \u00abTotes les converses que no he tingut\u00bb\" \/>\n<meta property=\"og:url\" content=\"https:\/\/www.emdicjoao.com\/?p=365\" \/>\n<meta property=\"og:site_name\" content=\"Em dic Jo\u00e3o\" \/>\n<meta property=\"article:published_time\" content=\"2010-10-23T00:08:03+00:00\" \/>\n<meta name=\"author\" content=\"Jo\u00e3o Fran\u00e7a (blog antic)\" \/>\n<meta name=\"twitter:card\" content=\"summary_large_image\" \/>\n<meta name=\"twitter:creator\" content=\"@jotaemi\" \/>\n<meta name=\"twitter:site\" content=\"@jotaemi\" \/>\n<meta name=\"twitter:label1\" content=\"Escrit per\" \/>\n\t<meta name=\"twitter:data1\" content=\"Jo\u00e3o Fran\u00e7a (blog antic)\" \/>\n\t<meta name=\"twitter:label2\" content=\"Temps estimat de lectura\" \/>\n\t<meta name=\"twitter:data2\" content=\"1 minut\" \/>\n<script type=\"application\/ld+json\" class=\"yoast-schema-graph\">{\"@context\":\"https:\/\/schema.org\",\"@graph\":[{\"@type\":\"WebPage\",\"@id\":\"https:\/\/www.emdicjoao.com\/?p=365\",\"url\":\"https:\/\/www.emdicjoao.com\/?p=365\",\"name\":\"Totes les converses que no he tingut - Em dic Jo\u00e3o\",\"isPartOf\":{\"@id\":\"http:\/\/www.emdicjoao.com\/#website\"},\"datePublished\":\"2010-10-23T00:08:03+00:00\",\"dateModified\":\"2010-10-23T00:08:03+00:00\",\"author\":{\"@id\":\"http:\/\/www.emdicjoao.com\/#\/schema\/person\/77eacbb1dcbb3afd8e53cc3b3ef1ebc1\"},\"breadcrumb\":{\"@id\":\"https:\/\/www.emdicjoao.com\/?p=365#breadcrumb\"},\"inLanguage\":\"ca\",\"potentialAction\":[{\"@type\":\"ReadAction\",\"target\":[\"https:\/\/www.emdicjoao.com\/?p=365\"]}]},{\"@type\":\"BreadcrumbList\",\"@id\":\"https:\/\/www.emdicjoao.com\/?p=365#breadcrumb\",\"itemListElement\":[{\"@type\":\"ListItem\",\"position\":1,\"name\":\"Inici\",\"item\":\"http:\/\/www.emdicjoao.com\/\"},{\"@type\":\"ListItem\",\"position\":2,\"name\":\"Totes les converses que no he tingut\"}]},{\"@type\":\"WebSite\",\"@id\":\"http:\/\/www.emdicjoao.com\/#website\",\"url\":\"http:\/\/www.emdicjoao.com\/\",\"name\":\"Em dic Jo\u00e3o\",\"description\":\"i torno a provar de tenir un blog\",\"potentialAction\":[{\"@type\":\"SearchAction\",\"target\":{\"@type\":\"EntryPoint\",\"urlTemplate\":\"http:\/\/www.emdicjoao.com\/?s={search_term_string}\"},\"query-input\":\"required name=search_term_string\"}],\"inLanguage\":\"ca\"},{\"@type\":\"Person\",\"@id\":\"http:\/\/www.emdicjoao.com\/#\/schema\/person\/77eacbb1dcbb3afd8e53cc3b3ef1ebc1\",\"name\":\"Jo\u00e3o Fran\u00e7a (blog antic)\",\"image\":{\"@type\":\"ImageObject\",\"inLanguage\":\"ca\",\"@id\":\"http:\/\/www.emdicjoao.com\/#\/schema\/person\/image\/\",\"url\":\"https:\/\/secure.gravatar.com\/avatar\/2e3d24fdc8a1e0112d7f0353f6a54f18?s=96&d=monsterid&r=g\",\"contentUrl\":\"https:\/\/secure.gravatar.com\/avatar\/2e3d24fdc8a1e0112d7f0353f6a54f18?s=96&d=monsterid&r=g\",\"caption\":\"Jo\u00e3o Fran\u00e7a (blog antic)\"},\"sameAs\":[\"http:\/\/emdicjoao.wordpress.com\/\"]}]}<\/script>\n<!-- \/ Yoast SEO plugin. -->","yoast_head_json":{"title":"Totes les converses que no he tingut - Em dic Jo\u00e3o","robots":{"index":"index","follow":"follow","max-snippet":"max-snippet:-1","max-image-preview":"max-image-preview:large","max-video-preview":"max-video-preview:-1"},"canonical":"https:\/\/www.emdicjoao.com\/?p=365","og_locale":"ca_ES","og_type":"article","og_title":"Totes les converses que no he tingut - Em dic Jo\u00e3o","og_description":"He tingut moltes converses sobre hist\u00f2ries que mai no he escrit. M&#8217;agradaria escriure una reflexi\u00f3 sobre totes les converses que no he tingut (y no volver\u00e1n del fondo de las rocas, no volver\u00e1n del tiempo subterr\u00e1neo). No he pogut parlar amb ning\u00fa, per exemple, sobre un munt d&#8217;hist\u00f2ries que vull escriure. No he tingut aquella &hellip; Continua llegint \u00abTotes les converses que no he tingut\u00bb","og_url":"https:\/\/www.emdicjoao.com\/?p=365","og_site_name":"Em dic Jo\u00e3o","article_published_time":"2010-10-23T00:08:03+00:00","author":"Jo\u00e3o Fran\u00e7a (blog antic)","twitter_card":"summary_large_image","twitter_creator":"@jotaemi","twitter_site":"@jotaemi","twitter_misc":{"Escrit per":"Jo\u00e3o Fran\u00e7a (blog antic)","Temps estimat de lectura":"1 minut"},"schema":{"@context":"https:\/\/schema.org","@graph":[{"@type":"WebPage","@id":"https:\/\/www.emdicjoao.com\/?p=365","url":"https:\/\/www.emdicjoao.com\/?p=365","name":"Totes les converses que no he tingut - Em dic Jo\u00e3o","isPartOf":{"@id":"http:\/\/www.emdicjoao.com\/#website"},"datePublished":"2010-10-23T00:08:03+00:00","dateModified":"2010-10-23T00:08:03+00:00","author":{"@id":"http:\/\/www.emdicjoao.com\/#\/schema\/person\/77eacbb1dcbb3afd8e53cc3b3ef1ebc1"},"breadcrumb":{"@id":"https:\/\/www.emdicjoao.com\/?p=365#breadcrumb"},"inLanguage":"ca","potentialAction":[{"@type":"ReadAction","target":["https:\/\/www.emdicjoao.com\/?p=365"]}]},{"@type":"BreadcrumbList","@id":"https:\/\/www.emdicjoao.com\/?p=365#breadcrumb","itemListElement":[{"@type":"ListItem","position":1,"name":"Inici","item":"http:\/\/www.emdicjoao.com\/"},{"@type":"ListItem","position":2,"name":"Totes les converses que no he tingut"}]},{"@type":"WebSite","@id":"http:\/\/www.emdicjoao.com\/#website","url":"http:\/\/www.emdicjoao.com\/","name":"Em dic Jo\u00e3o","description":"i torno a provar de tenir un blog","potentialAction":[{"@type":"SearchAction","target":{"@type":"EntryPoint","urlTemplate":"http:\/\/www.emdicjoao.com\/?s={search_term_string}"},"query-input":"required name=search_term_string"}],"inLanguage":"ca"},{"@type":"Person","@id":"http:\/\/www.emdicjoao.com\/#\/schema\/person\/77eacbb1dcbb3afd8e53cc3b3ef1ebc1","name":"Jo\u00e3o Fran\u00e7a (blog antic)","image":{"@type":"ImageObject","inLanguage":"ca","@id":"http:\/\/www.emdicjoao.com\/#\/schema\/person\/image\/","url":"https:\/\/secure.gravatar.com\/avatar\/2e3d24fdc8a1e0112d7f0353f6a54f18?s=96&d=monsterid&r=g","contentUrl":"https:\/\/secure.gravatar.com\/avatar\/2e3d24fdc8a1e0112d7f0353f6a54f18?s=96&d=monsterid&r=g","caption":"Jo\u00e3o Fran\u00e7a (blog antic)"},"sameAs":["http:\/\/emdicjoao.wordpress.com\/"]}]}},"_links":{"self":[{"href":"https:\/\/www.emdicjoao.com\/index.php?rest_route=\/wp\/v2\/posts\/365"}],"collection":[{"href":"https:\/\/www.emdicjoao.com\/index.php?rest_route=\/wp\/v2\/posts"}],"about":[{"href":"https:\/\/www.emdicjoao.com\/index.php?rest_route=\/wp\/v2\/types\/post"}],"author":[{"embeddable":true,"href":"https:\/\/www.emdicjoao.com\/index.php?rest_route=\/wp\/v2\/users\/2"}],"replies":[{"embeddable":true,"href":"https:\/\/www.emdicjoao.com\/index.php?rest_route=%2Fwp%2Fv2%2Fcomments&post=365"}],"version-history":[{"count":0,"href":"https:\/\/www.emdicjoao.com\/index.php?rest_route=\/wp\/v2\/posts\/365\/revisions"}],"wp:attachment":[{"href":"https:\/\/www.emdicjoao.com\/index.php?rest_route=%2Fwp%2Fv2%2Fmedia&parent=365"}],"wp:term":[{"taxonomy":"category","embeddable":true,"href":"https:\/\/www.emdicjoao.com\/index.php?rest_route=%2Fwp%2Fv2%2Fcategories&post=365"},{"taxonomy":"post_tag","embeddable":true,"href":"https:\/\/www.emdicjoao.com\/index.php?rest_route=%2Fwp%2Fv2%2Ftags&post=365"}],"curies":[{"name":"wp","href":"https:\/\/api.w.org\/{rel}","templated":true}]}}