{"id":367,"date":"2010-11-02T23:27:31","date_gmt":"2010-11-02T22:27:31","guid":{"rendered":"http:\/\/emdicjoao.wordpress.com\/?p=367"},"modified":"2010-11-02T23:27:31","modified_gmt":"2010-11-02T22:27:31","slug":"monoleg-interior-1","status":"publish","type":"post","link":"https:\/\/www.emdicjoao.com\/?p=367","title":{"rendered":"Mon\u00f2leg interior #1"},"content":{"rendered":"<p style=\"text-align:justify;\"><em>A continuaci\u00f3 al que vaig portar al nostre taller d&#8217;escriptura el dia que ens vam proposar fer un mon\u00f2leg interior:<\/em><\/p>\n<p style=\"text-align:justify;\"><span style=\"font-size:small;\"><strong>Mon\u00f2leg interior #1<\/strong><\/span><\/p>\n<p style=\"text-align:justify;\"><span style=\"font-size:small;\">S\u00ed?<\/span><\/p>\n<p style=\"text-align:justify;\"><span style=\"font-size:small;\"><strong>Reflexi\u00f3 sobre <\/strong><\/span><span style=\"font-size:small;\"><em><strong>Mon\u00f2leg interior #1<\/strong><\/em><\/span><\/p>\n<p style=\"text-align:justify;\"><span style=\"font-size:small;\">\u00c9s curi\u00f3s el fet d\u2019extreure un petit fragment del meu pensament i plasmar-lo sobre paper. La diversi\u00f3 est\u00e0 en plantejar-se qu\u00e8 en pensar\u00e0 el possible lector. He triat un fragment molt petit, perqu\u00e8 tenia pressa i no podia pensar-hi gaire. La tria em sembla bona, una afirmaci\u00f3 convertida en interrogaci\u00f3. Podria haver triat una afirmaci\u00f3 a seques, que ja implica de per si una s\u00e8rie de preguntes pr\u00e8vies. La gr\u00e0cia del s\u00ed interrogatiu \u00e9s que planteja tamb\u00e9 tota una s\u00e8rie de preguntes posteriors. Aix\u00ed esdevinc tot un misteri. Si he de ser sincer, no recordo a que responia aquest \u201cS\u00ed?\u201d; no devia ser gaire important. En canvi al lector se li plantejaran tota una s\u00e8rie de possibilitats, que em faran semblar una persona d\u2019all\u00f2 m\u00e9s interessant. Les possibilitats, de fet, dependran de cadasc\u00fa; est\u00e0 clar que, segons l\u2019estat d\u2019\u00e0nim de cada lector aquesta simple afirmaci\u00f3 insegura podr\u00e0 ser dram\u00e0tica o c\u00f2mica. Incr\u00e8dula, temptativa o la fi del m\u00f3n. El m\u00e9s divertit \u00e9s que aquest \u201cS\u00ed?\u201d no l\u2019he pensat realment com a resposta a res, nom\u00e9s ha estat una forma que he trobat de fer un mon\u00f2leg interior r\u00e0pid i interessant. Ho he pensat baixant les escales de la biblioteca. Per\u00f2 potser, sense adonar-me\u2019n, porto dies pensant-hi. S\u00ed?<\/span><\/p>\n","protected":false},"excerpt":{"rendered":"<p>A continuaci\u00f3 al que vaig portar al nostre taller d&#8217;escriptura el dia que ens vam proposar fer un mon\u00f2leg interior: Mon\u00f2leg interior #1 S\u00ed? Reflexi\u00f3 sobre Mon\u00f2leg interior #1 \u00c9s curi\u00f3s el fet d\u2019extreure un petit fragment del meu pensament i plasmar-lo sobre paper. La diversi\u00f3 est\u00e0 en plantejar-se qu\u00e8 en pensar\u00e0 el possible lector. &hellip; <\/p>\n<p class=\"link-more\"><a href=\"https:\/\/www.emdicjoao.com\/?p=367\" class=\"more-link\">Continua llegint <span class=\"screen-reader-text\">\u00abMon\u00f2leg interior #1\u00bb<\/span><\/a><\/p>\n","protected":false},"author":2,"featured_media":0,"comment_status":"open","ping_status":"open","sticky":false,"template":"","format":"standard","meta":{"_monsterinsights_skip_tracking":false,"_monsterinsights_sitenote_active":false,"_monsterinsights_sitenote_note":"","_monsterinsights_sitenote_category":0,"footnotes":""},"categories":[5],"tags":[100],"yoast_head":"<!-- This site is optimized with the Yoast SEO plugin v22.6 - https:\/\/yoast.com\/wordpress\/plugins\/seo\/ -->\n<title>Mon\u00f2leg interior #1 - Em dic Jo\u00e3o<\/title>\n<meta name=\"robots\" content=\"index, follow, max-snippet:-1, max-image-preview:large, max-video-preview:-1\" \/>\n<link rel=\"canonical\" href=\"https:\/\/www.emdicjoao.com\/?p=367\" \/>\n<meta property=\"og:locale\" content=\"ca_ES\" \/>\n<meta property=\"og:type\" content=\"article\" \/>\n<meta property=\"og:title\" content=\"Mon\u00f2leg interior #1 - Em dic Jo\u00e3o\" \/>\n<meta property=\"og:description\" content=\"A continuaci\u00f3 al que vaig portar al nostre taller d&#8217;escriptura el dia que ens vam proposar fer un mon\u00f2leg interior: Mon\u00f2leg interior #1 S\u00ed? Reflexi\u00f3 sobre Mon\u00f2leg interior #1 \u00c9s curi\u00f3s el fet d\u2019extreure un petit fragment del meu pensament i plasmar-lo sobre paper. La diversi\u00f3 est\u00e0 en plantejar-se qu\u00e8 en pensar\u00e0 el possible lector. &hellip; Continua llegint \u00abMon\u00f2leg interior #1\u00bb\" \/>\n<meta property=\"og:url\" content=\"https:\/\/www.emdicjoao.com\/?p=367\" \/>\n<meta property=\"og:site_name\" content=\"Em dic Jo\u00e3o\" \/>\n<meta property=\"article:published_time\" content=\"2010-11-02T22:27:31+00:00\" \/>\n<meta name=\"author\" content=\"Jo\u00e3o Fran\u00e7a (blog antic)\" \/>\n<meta name=\"twitter:card\" content=\"summary_large_image\" \/>\n<meta name=\"twitter:creator\" content=\"@jotaemi\" \/>\n<meta name=\"twitter:site\" content=\"@jotaemi\" \/>\n<meta name=\"twitter:label1\" content=\"Escrit per\" \/>\n\t<meta name=\"twitter:data1\" content=\"Jo\u00e3o Fran\u00e7a (blog antic)\" \/>\n\t<meta name=\"twitter:label2\" content=\"Temps estimat de lectura\" \/>\n\t<meta name=\"twitter:data2\" content=\"1 minut\" \/>\n<script type=\"application\/ld+json\" class=\"yoast-schema-graph\">{\"@context\":\"https:\/\/schema.org\",\"@graph\":[{\"@type\":\"WebPage\",\"@id\":\"https:\/\/www.emdicjoao.com\/?p=367\",\"url\":\"https:\/\/www.emdicjoao.com\/?p=367\",\"name\":\"Mon\u00f2leg interior #1 - Em dic Jo\u00e3o\",\"isPartOf\":{\"@id\":\"http:\/\/www.emdicjoao.com\/#website\"},\"datePublished\":\"2010-11-02T22:27:31+00:00\",\"dateModified\":\"2010-11-02T22:27:31+00:00\",\"author\":{\"@id\":\"http:\/\/www.emdicjoao.com\/#\/schema\/person\/77eacbb1dcbb3afd8e53cc3b3ef1ebc1\"},\"breadcrumb\":{\"@id\":\"https:\/\/www.emdicjoao.com\/?p=367#breadcrumb\"},\"inLanguage\":\"ca\",\"potentialAction\":[{\"@type\":\"ReadAction\",\"target\":[\"https:\/\/www.emdicjoao.com\/?p=367\"]}]},{\"@type\":\"BreadcrumbList\",\"@id\":\"https:\/\/www.emdicjoao.com\/?p=367#breadcrumb\",\"itemListElement\":[{\"@type\":\"ListItem\",\"position\":1,\"name\":\"Inici\",\"item\":\"http:\/\/www.emdicjoao.com\/\"},{\"@type\":\"ListItem\",\"position\":2,\"name\":\"Mon\u00f2leg interior #1\"}]},{\"@type\":\"WebSite\",\"@id\":\"http:\/\/www.emdicjoao.com\/#website\",\"url\":\"http:\/\/www.emdicjoao.com\/\",\"name\":\"Em dic Jo\u00e3o\",\"description\":\"i torno a provar de tenir un blog\",\"potentialAction\":[{\"@type\":\"SearchAction\",\"target\":{\"@type\":\"EntryPoint\",\"urlTemplate\":\"http:\/\/www.emdicjoao.com\/?s={search_term_string}\"},\"query-input\":\"required name=search_term_string\"}],\"inLanguage\":\"ca\"},{\"@type\":\"Person\",\"@id\":\"http:\/\/www.emdicjoao.com\/#\/schema\/person\/77eacbb1dcbb3afd8e53cc3b3ef1ebc1\",\"name\":\"Jo\u00e3o Fran\u00e7a (blog antic)\",\"image\":{\"@type\":\"ImageObject\",\"inLanguage\":\"ca\",\"@id\":\"http:\/\/www.emdicjoao.com\/#\/schema\/person\/image\/\",\"url\":\"https:\/\/secure.gravatar.com\/avatar\/2e3d24fdc8a1e0112d7f0353f6a54f18?s=96&d=monsterid&r=g\",\"contentUrl\":\"https:\/\/secure.gravatar.com\/avatar\/2e3d24fdc8a1e0112d7f0353f6a54f18?s=96&d=monsterid&r=g\",\"caption\":\"Jo\u00e3o Fran\u00e7a (blog antic)\"},\"sameAs\":[\"http:\/\/emdicjoao.wordpress.com\/\"]}]}<\/script>\n<!-- \/ Yoast SEO plugin. -->","yoast_head_json":{"title":"Mon\u00f2leg interior #1 - Em dic Jo\u00e3o","robots":{"index":"index","follow":"follow","max-snippet":"max-snippet:-1","max-image-preview":"max-image-preview:large","max-video-preview":"max-video-preview:-1"},"canonical":"https:\/\/www.emdicjoao.com\/?p=367","og_locale":"ca_ES","og_type":"article","og_title":"Mon\u00f2leg interior #1 - Em dic Jo\u00e3o","og_description":"A continuaci\u00f3 al que vaig portar al nostre taller d&#8217;escriptura el dia que ens vam proposar fer un mon\u00f2leg interior: Mon\u00f2leg interior #1 S\u00ed? Reflexi\u00f3 sobre Mon\u00f2leg interior #1 \u00c9s curi\u00f3s el fet d\u2019extreure un petit fragment del meu pensament i plasmar-lo sobre paper. La diversi\u00f3 est\u00e0 en plantejar-se qu\u00e8 en pensar\u00e0 el possible lector. &hellip; Continua llegint \u00abMon\u00f2leg interior #1\u00bb","og_url":"https:\/\/www.emdicjoao.com\/?p=367","og_site_name":"Em dic Jo\u00e3o","article_published_time":"2010-11-02T22:27:31+00:00","author":"Jo\u00e3o Fran\u00e7a (blog antic)","twitter_card":"summary_large_image","twitter_creator":"@jotaemi","twitter_site":"@jotaemi","twitter_misc":{"Escrit per":"Jo\u00e3o Fran\u00e7a (blog antic)","Temps estimat de lectura":"1 minut"},"schema":{"@context":"https:\/\/schema.org","@graph":[{"@type":"WebPage","@id":"https:\/\/www.emdicjoao.com\/?p=367","url":"https:\/\/www.emdicjoao.com\/?p=367","name":"Mon\u00f2leg interior #1 - Em dic Jo\u00e3o","isPartOf":{"@id":"http:\/\/www.emdicjoao.com\/#website"},"datePublished":"2010-11-02T22:27:31+00:00","dateModified":"2010-11-02T22:27:31+00:00","author":{"@id":"http:\/\/www.emdicjoao.com\/#\/schema\/person\/77eacbb1dcbb3afd8e53cc3b3ef1ebc1"},"breadcrumb":{"@id":"https:\/\/www.emdicjoao.com\/?p=367#breadcrumb"},"inLanguage":"ca","potentialAction":[{"@type":"ReadAction","target":["https:\/\/www.emdicjoao.com\/?p=367"]}]},{"@type":"BreadcrumbList","@id":"https:\/\/www.emdicjoao.com\/?p=367#breadcrumb","itemListElement":[{"@type":"ListItem","position":1,"name":"Inici","item":"http:\/\/www.emdicjoao.com\/"},{"@type":"ListItem","position":2,"name":"Mon\u00f2leg interior #1"}]},{"@type":"WebSite","@id":"http:\/\/www.emdicjoao.com\/#website","url":"http:\/\/www.emdicjoao.com\/","name":"Em dic Jo\u00e3o","description":"i torno a provar de tenir un blog","potentialAction":[{"@type":"SearchAction","target":{"@type":"EntryPoint","urlTemplate":"http:\/\/www.emdicjoao.com\/?s={search_term_string}"},"query-input":"required name=search_term_string"}],"inLanguage":"ca"},{"@type":"Person","@id":"http:\/\/www.emdicjoao.com\/#\/schema\/person\/77eacbb1dcbb3afd8e53cc3b3ef1ebc1","name":"Jo\u00e3o Fran\u00e7a (blog antic)","image":{"@type":"ImageObject","inLanguage":"ca","@id":"http:\/\/www.emdicjoao.com\/#\/schema\/person\/image\/","url":"https:\/\/secure.gravatar.com\/avatar\/2e3d24fdc8a1e0112d7f0353f6a54f18?s=96&d=monsterid&r=g","contentUrl":"https:\/\/secure.gravatar.com\/avatar\/2e3d24fdc8a1e0112d7f0353f6a54f18?s=96&d=monsterid&r=g","caption":"Jo\u00e3o Fran\u00e7a (blog antic)"},"sameAs":["http:\/\/emdicjoao.wordpress.com\/"]}]}},"_links":{"self":[{"href":"https:\/\/www.emdicjoao.com\/index.php?rest_route=\/wp\/v2\/posts\/367"}],"collection":[{"href":"https:\/\/www.emdicjoao.com\/index.php?rest_route=\/wp\/v2\/posts"}],"about":[{"href":"https:\/\/www.emdicjoao.com\/index.php?rest_route=\/wp\/v2\/types\/post"}],"author":[{"embeddable":true,"href":"https:\/\/www.emdicjoao.com\/index.php?rest_route=\/wp\/v2\/users\/2"}],"replies":[{"embeddable":true,"href":"https:\/\/www.emdicjoao.com\/index.php?rest_route=%2Fwp%2Fv2%2Fcomments&post=367"}],"version-history":[{"count":0,"href":"https:\/\/www.emdicjoao.com\/index.php?rest_route=\/wp\/v2\/posts\/367\/revisions"}],"wp:attachment":[{"href":"https:\/\/www.emdicjoao.com\/index.php?rest_route=%2Fwp%2Fv2%2Fmedia&parent=367"}],"wp:term":[{"taxonomy":"category","embeddable":true,"href":"https:\/\/www.emdicjoao.com\/index.php?rest_route=%2Fwp%2Fv2%2Fcategories&post=367"},{"taxonomy":"post_tag","embeddable":true,"href":"https:\/\/www.emdicjoao.com\/index.php?rest_route=%2Fwp%2Fv2%2Ftags&post=367"}],"curies":[{"name":"wp","href":"https:\/\/api.w.org\/{rel}","templated":true}]}}