{"id":395,"date":"2011-05-14T22:11:41","date_gmt":"2011-05-14T21:11:41","guid":{"rendered":"http:\/\/emdicjoao.wordpress.com\/?p=395"},"modified":"2011-05-14T22:11:41","modified_gmt":"2011-05-14T21:11:41","slug":"en-tomas-i-el-monstre-de-pedra","status":"publish","type":"post","link":"https:\/\/www.emdicjoao.com\/?p=395","title":{"rendered":"En Tom\u00e0s i el monstre de pedra"},"content":{"rendered":"<p>Hi havia una m\u00e0scara de pedra penjada al penya-segat. La imatge era imponent. Ell, petit, un homenet, abaix. A dalt, aquella gran cara, impassible, mirant-lo. L&#8217;estaticitat de la pedra imposava respecte. El respecte va donar pas a un altre sentiment quan la muntanya es va comen\u00e7ar a moure. En va sortir un bra\u00e7. Ell va veure que a l&#8217;altra banda n&#8217;hi havia un altre, per\u00f2 es va quedar clavat a la pedra. De cop aquell bra\u00e7, el que n&#8217;havia sortit, se li va anar apropant. Les floretes que hi havien crescut seguien al seu lloc. El cap, aquella cara emmascarada, es va comen\u00e7ar a moure. Unes lianes el lligaven al cos, sense gaire for\u00e7a. Si hi apliqu\u00e9ssim les lleis de la f\u00edsica potser trobar\u00edem que era inexplicable que estigu\u00e9s subjecte al cos. En aquell moment ning\u00fa es preocupava per les lleis de la f\u00edsica.<\/p>\n<p>La m\u00e0 s&#8217;apropava amb viol\u00e8ncia. Les floretes seguien all\u00e0, innocents, lluents i ir\u00f2niques. En Tom\u00e0s va agafar la seva espasa i es va despertar.<\/p>\n","protected":false},"excerpt":{"rendered":"<p>Hi havia una m\u00e0scara de pedra penjada al penya-segat. La imatge era imponent. Ell, petit, un homenet, abaix. A dalt, aquella gran cara, impassible, mirant-lo. L&#8217;estaticitat de la pedra imposava respecte. El respecte va donar pas a un altre sentiment quan la muntanya es va comen\u00e7ar a moure. En va sortir un bra\u00e7. Ell va &hellip; <\/p>\n<p class=\"link-more\"><a href=\"https:\/\/www.emdicjoao.com\/?p=395\" class=\"more-link\">Continua llegint <span class=\"screen-reader-text\">\u00abEn Tom\u00e0s i el monstre de pedra\u00bb<\/span><\/a><\/p>\n","protected":false},"author":2,"featured_media":0,"comment_status":"open","ping_status":"open","sticky":false,"template":"","format":"standard","meta":{"_monsterinsights_skip_tracking":false,"_monsterinsights_sitenote_active":false,"_monsterinsights_sitenote_note":"","_monsterinsights_sitenote_category":0,"footnotes":""},"categories":[5],"tags":[117],"yoast_head":"<!-- This site is optimized with the Yoast SEO plugin v22.6 - https:\/\/yoast.com\/wordpress\/plugins\/seo\/ -->\n<title>En Tom\u00e0s i el monstre de pedra - Em dic Jo\u00e3o<\/title>\n<meta name=\"robots\" content=\"index, follow, max-snippet:-1, max-image-preview:large, max-video-preview:-1\" \/>\n<link rel=\"canonical\" href=\"https:\/\/www.emdicjoao.com\/?p=395\" \/>\n<meta property=\"og:locale\" content=\"ca_ES\" \/>\n<meta property=\"og:type\" content=\"article\" \/>\n<meta property=\"og:title\" content=\"En Tom\u00e0s i el monstre de pedra - Em dic Jo\u00e3o\" \/>\n<meta property=\"og:description\" content=\"Hi havia una m\u00e0scara de pedra penjada al penya-segat. La imatge era imponent. Ell, petit, un homenet, abaix. A dalt, aquella gran cara, impassible, mirant-lo. L&#8217;estaticitat de la pedra imposava respecte. El respecte va donar pas a un altre sentiment quan la muntanya es va comen\u00e7ar a moure. En va sortir un bra\u00e7. Ell va &hellip; Continua llegint \u00abEn Tom\u00e0s i el monstre de pedra\u00bb\" \/>\n<meta property=\"og:url\" content=\"https:\/\/www.emdicjoao.com\/?p=395\" \/>\n<meta property=\"og:site_name\" content=\"Em dic Jo\u00e3o\" \/>\n<meta property=\"article:published_time\" content=\"2011-05-14T21:11:41+00:00\" \/>\n<meta name=\"author\" content=\"Jo\u00e3o Fran\u00e7a (blog antic)\" \/>\n<meta name=\"twitter:card\" content=\"summary_large_image\" \/>\n<meta name=\"twitter:creator\" content=\"@jotaemi\" \/>\n<meta name=\"twitter:site\" content=\"@jotaemi\" \/>\n<meta name=\"twitter:label1\" content=\"Escrit per\" \/>\n\t<meta name=\"twitter:data1\" content=\"Jo\u00e3o Fran\u00e7a (blog antic)\" \/>\n\t<meta name=\"twitter:label2\" content=\"Temps estimat de lectura\" \/>\n\t<meta name=\"twitter:data2\" content=\"1 minut\" \/>\n<script type=\"application\/ld+json\" class=\"yoast-schema-graph\">{\"@context\":\"https:\/\/schema.org\",\"@graph\":[{\"@type\":\"WebPage\",\"@id\":\"https:\/\/www.emdicjoao.com\/?p=395\",\"url\":\"https:\/\/www.emdicjoao.com\/?p=395\",\"name\":\"En Tom\u00e0s i el monstre de pedra - Em dic Jo\u00e3o\",\"isPartOf\":{\"@id\":\"https:\/\/www.emdicjoao.com\/#website\"},\"datePublished\":\"2011-05-14T21:11:41+00:00\",\"dateModified\":\"2011-05-14T21:11:41+00:00\",\"author\":{\"@id\":\"https:\/\/www.emdicjoao.com\/#\/schema\/person\/77eacbb1dcbb3afd8e53cc3b3ef1ebc1\"},\"breadcrumb\":{\"@id\":\"https:\/\/www.emdicjoao.com\/?p=395#breadcrumb\"},\"inLanguage\":\"ca\",\"potentialAction\":[{\"@type\":\"ReadAction\",\"target\":[\"https:\/\/www.emdicjoao.com\/?p=395\"]}]},{\"@type\":\"BreadcrumbList\",\"@id\":\"https:\/\/www.emdicjoao.com\/?p=395#breadcrumb\",\"itemListElement\":[{\"@type\":\"ListItem\",\"position\":1,\"name\":\"Inici\",\"item\":\"https:\/\/www.emdicjoao.com\/\"},{\"@type\":\"ListItem\",\"position\":2,\"name\":\"En Tom\u00e0s i el monstre de pedra\"}]},{\"@type\":\"WebSite\",\"@id\":\"https:\/\/www.emdicjoao.com\/#website\",\"url\":\"https:\/\/www.emdicjoao.com\/\",\"name\":\"Em dic Jo\u00e3o\",\"description\":\"i torno a provar de tenir un blog\",\"potentialAction\":[{\"@type\":\"SearchAction\",\"target\":{\"@type\":\"EntryPoint\",\"urlTemplate\":\"https:\/\/www.emdicjoao.com\/?s={search_term_string}\"},\"query-input\":\"required name=search_term_string\"}],\"inLanguage\":\"ca\"},{\"@type\":\"Person\",\"@id\":\"https:\/\/www.emdicjoao.com\/#\/schema\/person\/77eacbb1dcbb3afd8e53cc3b3ef1ebc1\",\"name\":\"Jo\u00e3o Fran\u00e7a (blog antic)\",\"image\":{\"@type\":\"ImageObject\",\"inLanguage\":\"ca\",\"@id\":\"https:\/\/www.emdicjoao.com\/#\/schema\/person\/image\/\",\"url\":\"https:\/\/secure.gravatar.com\/avatar\/2e3d24fdc8a1e0112d7f0353f6a54f18?s=96&d=monsterid&r=g\",\"contentUrl\":\"https:\/\/secure.gravatar.com\/avatar\/2e3d24fdc8a1e0112d7f0353f6a54f18?s=96&d=monsterid&r=g\",\"caption\":\"Jo\u00e3o Fran\u00e7a (blog antic)\"},\"sameAs\":[\"http:\/\/emdicjoao.wordpress.com\/\"]}]}<\/script>\n<!-- \/ Yoast SEO plugin. -->","yoast_head_json":{"title":"En Tom\u00e0s i el monstre de pedra - Em dic Jo\u00e3o","robots":{"index":"index","follow":"follow","max-snippet":"max-snippet:-1","max-image-preview":"max-image-preview:large","max-video-preview":"max-video-preview:-1"},"canonical":"https:\/\/www.emdicjoao.com\/?p=395","og_locale":"ca_ES","og_type":"article","og_title":"En Tom\u00e0s i el monstre de pedra - Em dic Jo\u00e3o","og_description":"Hi havia una m\u00e0scara de pedra penjada al penya-segat. La imatge era imponent. Ell, petit, un homenet, abaix. A dalt, aquella gran cara, impassible, mirant-lo. L&#8217;estaticitat de la pedra imposava respecte. El respecte va donar pas a un altre sentiment quan la muntanya es va comen\u00e7ar a moure. En va sortir un bra\u00e7. Ell va &hellip; Continua llegint \u00abEn Tom\u00e0s i el monstre de pedra\u00bb","og_url":"https:\/\/www.emdicjoao.com\/?p=395","og_site_name":"Em dic Jo\u00e3o","article_published_time":"2011-05-14T21:11:41+00:00","author":"Jo\u00e3o Fran\u00e7a (blog antic)","twitter_card":"summary_large_image","twitter_creator":"@jotaemi","twitter_site":"@jotaemi","twitter_misc":{"Escrit per":"Jo\u00e3o Fran\u00e7a (blog antic)","Temps estimat de lectura":"1 minut"},"schema":{"@context":"https:\/\/schema.org","@graph":[{"@type":"WebPage","@id":"https:\/\/www.emdicjoao.com\/?p=395","url":"https:\/\/www.emdicjoao.com\/?p=395","name":"En Tom\u00e0s i el monstre de pedra - Em dic Jo\u00e3o","isPartOf":{"@id":"https:\/\/www.emdicjoao.com\/#website"},"datePublished":"2011-05-14T21:11:41+00:00","dateModified":"2011-05-14T21:11:41+00:00","author":{"@id":"https:\/\/www.emdicjoao.com\/#\/schema\/person\/77eacbb1dcbb3afd8e53cc3b3ef1ebc1"},"breadcrumb":{"@id":"https:\/\/www.emdicjoao.com\/?p=395#breadcrumb"},"inLanguage":"ca","potentialAction":[{"@type":"ReadAction","target":["https:\/\/www.emdicjoao.com\/?p=395"]}]},{"@type":"BreadcrumbList","@id":"https:\/\/www.emdicjoao.com\/?p=395#breadcrumb","itemListElement":[{"@type":"ListItem","position":1,"name":"Inici","item":"https:\/\/www.emdicjoao.com\/"},{"@type":"ListItem","position":2,"name":"En Tom\u00e0s i el monstre de pedra"}]},{"@type":"WebSite","@id":"https:\/\/www.emdicjoao.com\/#website","url":"https:\/\/www.emdicjoao.com\/","name":"Em dic Jo\u00e3o","description":"i torno a provar de tenir un blog","potentialAction":[{"@type":"SearchAction","target":{"@type":"EntryPoint","urlTemplate":"https:\/\/www.emdicjoao.com\/?s={search_term_string}"},"query-input":"required name=search_term_string"}],"inLanguage":"ca"},{"@type":"Person","@id":"https:\/\/www.emdicjoao.com\/#\/schema\/person\/77eacbb1dcbb3afd8e53cc3b3ef1ebc1","name":"Jo\u00e3o Fran\u00e7a (blog antic)","image":{"@type":"ImageObject","inLanguage":"ca","@id":"https:\/\/www.emdicjoao.com\/#\/schema\/person\/image\/","url":"https:\/\/secure.gravatar.com\/avatar\/2e3d24fdc8a1e0112d7f0353f6a54f18?s=96&d=monsterid&r=g","contentUrl":"https:\/\/secure.gravatar.com\/avatar\/2e3d24fdc8a1e0112d7f0353f6a54f18?s=96&d=monsterid&r=g","caption":"Jo\u00e3o Fran\u00e7a (blog antic)"},"sameAs":["http:\/\/emdicjoao.wordpress.com\/"]}]}},"_links":{"self":[{"href":"https:\/\/www.emdicjoao.com\/index.php?rest_route=\/wp\/v2\/posts\/395"}],"collection":[{"href":"https:\/\/www.emdicjoao.com\/index.php?rest_route=\/wp\/v2\/posts"}],"about":[{"href":"https:\/\/www.emdicjoao.com\/index.php?rest_route=\/wp\/v2\/types\/post"}],"author":[{"embeddable":true,"href":"https:\/\/www.emdicjoao.com\/index.php?rest_route=\/wp\/v2\/users\/2"}],"replies":[{"embeddable":true,"href":"https:\/\/www.emdicjoao.com\/index.php?rest_route=%2Fwp%2Fv2%2Fcomments&post=395"}],"version-history":[{"count":0,"href":"https:\/\/www.emdicjoao.com\/index.php?rest_route=\/wp\/v2\/posts\/395\/revisions"}],"wp:attachment":[{"href":"https:\/\/www.emdicjoao.com\/index.php?rest_route=%2Fwp%2Fv2%2Fmedia&parent=395"}],"wp:term":[{"taxonomy":"category","embeddable":true,"href":"https:\/\/www.emdicjoao.com\/index.php?rest_route=%2Fwp%2Fv2%2Fcategories&post=395"},{"taxonomy":"post_tag","embeddable":true,"href":"https:\/\/www.emdicjoao.com\/index.php?rest_route=%2Fwp%2Fv2%2Ftags&post=395"}],"curies":[{"name":"wp","href":"https:\/\/api.w.org\/{rel}","templated":true}]}}