{"id":47,"date":"2009-01-25T17:48:47","date_gmt":"2009-01-25T16:48:47","guid":{"rendered":"http:\/\/emdicjoao.wordpress.com\/?p=47"},"modified":"2009-01-25T17:48:47","modified_gmt":"2009-01-25T16:48:47","slug":"la-sublimitat-del-vent","status":"publish","type":"post","link":"https:\/\/www.emdicjoao.com\/?p=47","title":{"rendered":"La sublimitat del vent"},"content":{"rendered":"<p style=\"text-align:justify;\">El divendres, quan arribo a casa a les dues em trobo un e-mail de ma mare convidant-me a fer un blog. Un altre! Tot i aix\u00ed, m&#8217;encanta la idea. La meva primera aportaci\u00f3 s\u00f3n unes l\u00ednies que vaig anotar, fent al\u00b7lusi\u00f3 a Neruda i Sabina, a la meva llibreta (per enveja de <a href=\"http:\/\/lausiteunbloc.blogspot.com\/2009\/01\/lausi-sen-riu.html\">l&#8217;Ausi\u00e0s<\/a>) a la meva llibreta ahir al metro:<\/p>\n<blockquote><p>El viento de la noche gira en el cielo y canta. Y ya es d\u00eda. Las ventanas se abren solas. La puerta de la entrada no deja de dar golpes; el viento quiere que le abramos. Salgo a la calle y un balc\u00f3n vomita trozos afilados de cristal sobre los peatones. El metro ya s\u00f3lo est\u00e1 abierto a los viejos conocidos ya que la se\u00f1al que lo identificaba ha volado y ha sido atropellada por diversos coches. Pongamos que hablo de Barcelona.<\/p><\/blockquote>\n<p style=\"text-align:justify;\">Sortint del metro, amb la meva llibreta ja a la butxaca, em trobo aix\u00f2:<\/p>\n<div class=\"mceTemp mceIEcenter\" style=\"text-align:justify;\">\n<dl class=\"wp-caption aligncenter\">\n<dt class=\"wp-caption-dt\"><img decoding=\"async\" loading=\"lazy\" class=\"size-full wp-image-48\" title=\"imagen143\" src=\"http:\/\/emdicjoao.com\/wp-content\/uploads\/2009\/01\/imagen143.jpg\" alt=\"Parada d'autob\u00fas i el sostre corresponent a la pl. Kennedy\" width=\"450\" height=\"600\" srcset=\"https:\/\/www.emdicjoao.com\/wp-content\/uploads\/2009\/01\/imagen143.jpg 960w, https:\/\/www.emdicjoao.com\/wp-content\/uploads\/2009\/01\/imagen143-225x300.jpg 225w, https:\/\/www.emdicjoao.com\/wp-content\/uploads\/2009\/01\/imagen143-768x1024.jpg 768w\" sizes=\"(max-width: 450px) 100vw, 450px\" \/><\/dt>\n<dd class=\"wp-caption-dd\">Parada d&#8217;autob\u00fas i el sostre corresponent a la pl. Kennedy<\/dd>\n<\/dl>\n<\/div>\n<p style=\"text-align:justify;\">\u00c9s una imatge tragic\u00f2mica. Com el vent, tan inspirador i perill\u00f3s. Aquest mat\u00ed, abans d&#8217;escriure la meva primera entrada a <a href=\"http:\/\/hanselygretel.wordpress.com\/\">Hansel y Gretel. La f\u00e1brica de microrrelatos<\/a>, em trobo que l&#8217;Albert ens sorpr\u00e8n amb un <a href=\"http:\/\/prodigis.blogspot.com\/2009\/01\/vent.html\">nou v\u00eddeo<\/a>. M&#8217;agrada el vent, a pesar dels trossos de vidre que cauen en la meva direcci\u00f3. Crec que tamb\u00e9 li agradava al <a href=\"http:\/\/emdicjoao.wordpress.com\/2009\/01\/22\/richard-wagner-tha-afegit-com-a-amistat-a-facebook\/\">meu amic<\/a> Richard Wagner.<\/p>\n","protected":false},"excerpt":{"rendered":"<p>El divendres, quan arribo a casa a les dues em trobo un e-mail de ma mare convidant-me a fer un blog. Un altre! Tot i aix\u00ed, m&#8217;encanta la idea. La meva primera aportaci\u00f3 s\u00f3n unes l\u00ednies que vaig anotar, fent al\u00b7lusi\u00f3 a Neruda i Sabina, a la meva llibreta (per enveja de l&#8217;Ausi\u00e0s) a la &hellip; <\/p>\n<p class=\"link-more\"><a href=\"https:\/\/www.emdicjoao.com\/?p=47\" class=\"more-link\">Continua llegint <span class=\"screen-reader-text\">\u00abLa sublimitat del vent\u00bb<\/span><\/a><\/p>\n","protected":false},"author":2,"featured_media":0,"comment_status":"open","ping_status":"open","sticky":false,"template":"","format":"standard","meta":{"_monsterinsights_skip_tracking":false,"_monsterinsights_sitenote_active":false,"_monsterinsights_sitenote_note":"","_monsterinsights_sitenote_category":0,"footnotes":""},"categories":[3],"tags":[],"yoast_head":"<!-- This site is optimized with the Yoast SEO plugin v22.6 - https:\/\/yoast.com\/wordpress\/plugins\/seo\/ -->\n<title>La sublimitat del vent - Em dic Jo\u00e3o<\/title>\n<meta name=\"robots\" content=\"index, follow, max-snippet:-1, max-image-preview:large, max-video-preview:-1\" \/>\n<link rel=\"canonical\" href=\"https:\/\/www.emdicjoao.com\/?p=47\" \/>\n<meta property=\"og:locale\" content=\"ca_ES\" \/>\n<meta property=\"og:type\" content=\"article\" \/>\n<meta property=\"og:title\" content=\"La sublimitat del vent - Em dic Jo\u00e3o\" \/>\n<meta property=\"og:description\" content=\"El divendres, quan arribo a casa a les dues em trobo un e-mail de ma mare convidant-me a fer un blog. Un altre! Tot i aix\u00ed, m&#8217;encanta la idea. La meva primera aportaci\u00f3 s\u00f3n unes l\u00ednies que vaig anotar, fent al\u00b7lusi\u00f3 a Neruda i Sabina, a la meva llibreta (per enveja de l&#8217;Ausi\u00e0s) a la &hellip; Continua llegint \u00abLa sublimitat del vent\u00bb\" \/>\n<meta property=\"og:url\" content=\"https:\/\/www.emdicjoao.com\/?p=47\" \/>\n<meta property=\"og:site_name\" content=\"Em dic Jo\u00e3o\" \/>\n<meta property=\"article:published_time\" content=\"2009-01-25T16:48:47+00:00\" \/>\n<meta property=\"og:image\" content=\"http:\/\/emdicjoao.com\/wp-content\/uploads\/2009\/01\/imagen143.jpg\" \/>\n<meta name=\"author\" content=\"Jo\u00e3o Fran\u00e7a (blog antic)\" \/>\n<meta name=\"twitter:card\" content=\"summary_large_image\" \/>\n<meta name=\"twitter:creator\" content=\"@jotaemi\" \/>\n<meta name=\"twitter:site\" content=\"@jotaemi\" \/>\n<meta name=\"twitter:label1\" content=\"Escrit per\" \/>\n\t<meta name=\"twitter:data1\" content=\"Jo\u00e3o Fran\u00e7a (blog antic)\" \/>\n\t<meta name=\"twitter:label2\" content=\"Temps estimat de lectura\" \/>\n\t<meta name=\"twitter:data2\" content=\"1 minut\" \/>\n<script type=\"application\/ld+json\" class=\"yoast-schema-graph\">{\"@context\":\"https:\/\/schema.org\",\"@graph\":[{\"@type\":\"WebPage\",\"@id\":\"https:\/\/www.emdicjoao.com\/?p=47\",\"url\":\"https:\/\/www.emdicjoao.com\/?p=47\",\"name\":\"La sublimitat del vent - Em dic Jo\u00e3o\",\"isPartOf\":{\"@id\":\"http:\/\/www.emdicjoao.com\/#website\"},\"primaryImageOfPage\":{\"@id\":\"https:\/\/www.emdicjoao.com\/?p=47#primaryimage\"},\"image\":{\"@id\":\"https:\/\/www.emdicjoao.com\/?p=47#primaryimage\"},\"thumbnailUrl\":\"http:\/\/emdicjoao.com\/wp-content\/uploads\/2009\/01\/imagen143.jpg\",\"datePublished\":\"2009-01-25T16:48:47+00:00\",\"dateModified\":\"2009-01-25T16:48:47+00:00\",\"author\":{\"@id\":\"http:\/\/www.emdicjoao.com\/#\/schema\/person\/77eacbb1dcbb3afd8e53cc3b3ef1ebc1\"},\"breadcrumb\":{\"@id\":\"https:\/\/www.emdicjoao.com\/?p=47#breadcrumb\"},\"inLanguage\":\"ca\",\"potentialAction\":[{\"@type\":\"ReadAction\",\"target\":[\"https:\/\/www.emdicjoao.com\/?p=47\"]}]},{\"@type\":\"ImageObject\",\"inLanguage\":\"ca\",\"@id\":\"https:\/\/www.emdicjoao.com\/?p=47#primaryimage\",\"url\":\"http:\/\/emdicjoao.com\/wp-content\/uploads\/2009\/01\/imagen143.jpg\",\"contentUrl\":\"http:\/\/emdicjoao.com\/wp-content\/uploads\/2009\/01\/imagen143.jpg\"},{\"@type\":\"BreadcrumbList\",\"@id\":\"https:\/\/www.emdicjoao.com\/?p=47#breadcrumb\",\"itemListElement\":[{\"@type\":\"ListItem\",\"position\":1,\"name\":\"Inici\",\"item\":\"http:\/\/www.emdicjoao.com\/\"},{\"@type\":\"ListItem\",\"position\":2,\"name\":\"La sublimitat del vent\"}]},{\"@type\":\"WebSite\",\"@id\":\"http:\/\/www.emdicjoao.com\/#website\",\"url\":\"http:\/\/www.emdicjoao.com\/\",\"name\":\"Em dic Jo\u00e3o\",\"description\":\"i torno a provar de tenir un blog\",\"potentialAction\":[{\"@type\":\"SearchAction\",\"target\":{\"@type\":\"EntryPoint\",\"urlTemplate\":\"http:\/\/www.emdicjoao.com\/?s={search_term_string}\"},\"query-input\":\"required name=search_term_string\"}],\"inLanguage\":\"ca\"},{\"@type\":\"Person\",\"@id\":\"http:\/\/www.emdicjoao.com\/#\/schema\/person\/77eacbb1dcbb3afd8e53cc3b3ef1ebc1\",\"name\":\"Jo\u00e3o Fran\u00e7a (blog antic)\",\"image\":{\"@type\":\"ImageObject\",\"inLanguage\":\"ca\",\"@id\":\"http:\/\/www.emdicjoao.com\/#\/schema\/person\/image\/\",\"url\":\"https:\/\/secure.gravatar.com\/avatar\/2e3d24fdc8a1e0112d7f0353f6a54f18?s=96&d=monsterid&r=g\",\"contentUrl\":\"https:\/\/secure.gravatar.com\/avatar\/2e3d24fdc8a1e0112d7f0353f6a54f18?s=96&d=monsterid&r=g\",\"caption\":\"Jo\u00e3o Fran\u00e7a (blog antic)\"},\"sameAs\":[\"http:\/\/emdicjoao.wordpress.com\/\"]}]}<\/script>\n<!-- \/ Yoast SEO plugin. -->","yoast_head_json":{"title":"La sublimitat del vent - Em dic Jo\u00e3o","robots":{"index":"index","follow":"follow","max-snippet":"max-snippet:-1","max-image-preview":"max-image-preview:large","max-video-preview":"max-video-preview:-1"},"canonical":"https:\/\/www.emdicjoao.com\/?p=47","og_locale":"ca_ES","og_type":"article","og_title":"La sublimitat del vent - Em dic Jo\u00e3o","og_description":"El divendres, quan arribo a casa a les dues em trobo un e-mail de ma mare convidant-me a fer un blog. Un altre! Tot i aix\u00ed, m&#8217;encanta la idea. La meva primera aportaci\u00f3 s\u00f3n unes l\u00ednies que vaig anotar, fent al\u00b7lusi\u00f3 a Neruda i Sabina, a la meva llibreta (per enveja de l&#8217;Ausi\u00e0s) a la &hellip; Continua llegint \u00abLa sublimitat del vent\u00bb","og_url":"https:\/\/www.emdicjoao.com\/?p=47","og_site_name":"Em dic Jo\u00e3o","article_published_time":"2009-01-25T16:48:47+00:00","og_image":[{"url":"http:\/\/emdicjoao.com\/wp-content\/uploads\/2009\/01\/imagen143.jpg"}],"author":"Jo\u00e3o Fran\u00e7a (blog antic)","twitter_card":"summary_large_image","twitter_creator":"@jotaemi","twitter_site":"@jotaemi","twitter_misc":{"Escrit per":"Jo\u00e3o Fran\u00e7a (blog antic)","Temps estimat de lectura":"1 minut"},"schema":{"@context":"https:\/\/schema.org","@graph":[{"@type":"WebPage","@id":"https:\/\/www.emdicjoao.com\/?p=47","url":"https:\/\/www.emdicjoao.com\/?p=47","name":"La sublimitat del vent - Em dic Jo\u00e3o","isPartOf":{"@id":"http:\/\/www.emdicjoao.com\/#website"},"primaryImageOfPage":{"@id":"https:\/\/www.emdicjoao.com\/?p=47#primaryimage"},"image":{"@id":"https:\/\/www.emdicjoao.com\/?p=47#primaryimage"},"thumbnailUrl":"http:\/\/emdicjoao.com\/wp-content\/uploads\/2009\/01\/imagen143.jpg","datePublished":"2009-01-25T16:48:47+00:00","dateModified":"2009-01-25T16:48:47+00:00","author":{"@id":"http:\/\/www.emdicjoao.com\/#\/schema\/person\/77eacbb1dcbb3afd8e53cc3b3ef1ebc1"},"breadcrumb":{"@id":"https:\/\/www.emdicjoao.com\/?p=47#breadcrumb"},"inLanguage":"ca","potentialAction":[{"@type":"ReadAction","target":["https:\/\/www.emdicjoao.com\/?p=47"]}]},{"@type":"ImageObject","inLanguage":"ca","@id":"https:\/\/www.emdicjoao.com\/?p=47#primaryimage","url":"http:\/\/emdicjoao.com\/wp-content\/uploads\/2009\/01\/imagen143.jpg","contentUrl":"http:\/\/emdicjoao.com\/wp-content\/uploads\/2009\/01\/imagen143.jpg"},{"@type":"BreadcrumbList","@id":"https:\/\/www.emdicjoao.com\/?p=47#breadcrumb","itemListElement":[{"@type":"ListItem","position":1,"name":"Inici","item":"http:\/\/www.emdicjoao.com\/"},{"@type":"ListItem","position":2,"name":"La sublimitat del vent"}]},{"@type":"WebSite","@id":"http:\/\/www.emdicjoao.com\/#website","url":"http:\/\/www.emdicjoao.com\/","name":"Em dic Jo\u00e3o","description":"i torno a provar de tenir un blog","potentialAction":[{"@type":"SearchAction","target":{"@type":"EntryPoint","urlTemplate":"http:\/\/www.emdicjoao.com\/?s={search_term_string}"},"query-input":"required name=search_term_string"}],"inLanguage":"ca"},{"@type":"Person","@id":"http:\/\/www.emdicjoao.com\/#\/schema\/person\/77eacbb1dcbb3afd8e53cc3b3ef1ebc1","name":"Jo\u00e3o Fran\u00e7a (blog antic)","image":{"@type":"ImageObject","inLanguage":"ca","@id":"http:\/\/www.emdicjoao.com\/#\/schema\/person\/image\/","url":"https:\/\/secure.gravatar.com\/avatar\/2e3d24fdc8a1e0112d7f0353f6a54f18?s=96&d=monsterid&r=g","contentUrl":"https:\/\/secure.gravatar.com\/avatar\/2e3d24fdc8a1e0112d7f0353f6a54f18?s=96&d=monsterid&r=g","caption":"Jo\u00e3o Fran\u00e7a (blog antic)"},"sameAs":["http:\/\/emdicjoao.wordpress.com\/"]}]}},"_links":{"self":[{"href":"https:\/\/www.emdicjoao.com\/index.php?rest_route=\/wp\/v2\/posts\/47"}],"collection":[{"href":"https:\/\/www.emdicjoao.com\/index.php?rest_route=\/wp\/v2\/posts"}],"about":[{"href":"https:\/\/www.emdicjoao.com\/index.php?rest_route=\/wp\/v2\/types\/post"}],"author":[{"embeddable":true,"href":"https:\/\/www.emdicjoao.com\/index.php?rest_route=\/wp\/v2\/users\/2"}],"replies":[{"embeddable":true,"href":"https:\/\/www.emdicjoao.com\/index.php?rest_route=%2Fwp%2Fv2%2Fcomments&post=47"}],"version-history":[{"count":0,"href":"https:\/\/www.emdicjoao.com\/index.php?rest_route=\/wp\/v2\/posts\/47\/revisions"}],"wp:attachment":[{"href":"https:\/\/www.emdicjoao.com\/index.php?rest_route=%2Fwp%2Fv2%2Fmedia&parent=47"}],"wp:term":[{"taxonomy":"category","embeddable":true,"href":"https:\/\/www.emdicjoao.com\/index.php?rest_route=%2Fwp%2Fv2%2Fcategories&post=47"},{"taxonomy":"post_tag","embeddable":true,"href":"https:\/\/www.emdicjoao.com\/index.php?rest_route=%2Fwp%2Fv2%2Ftags&post=47"}],"curies":[{"name":"wp","href":"https:\/\/api.w.org\/{rel}","templated":true}]}}