{"id":505,"date":"2013-01-30T11:06:05","date_gmt":"2013-01-30T10:06:05","guid":{"rendered":"http:\/\/www.emdicjoao.com\/?p=505"},"modified":"2013-01-30T16:42:02","modified_gmt":"2013-01-30T15:42:02","slug":"escrache-la-paraula-de-moda","status":"publish","type":"post","link":"https:\/\/www.emdicjoao.com\/?p=505","title":{"rendered":"&#8216;Escrache&#8217;, la paraula de moda"},"content":{"rendered":"<blockquote class=\"twitter-tweet\"><p>.@<a href=\"https:\/\/twitter.com\/cayo_lara\">cayo_lara<\/a>OLA KE ESCRACHES<\/p>\n<p>\u2014 Oscar G (@oscartaxibcn) <a href=\"https:\/\/twitter.com\/oscartaxibcn\/status\/294493636375232512\">January 24, 2013<\/a><\/p><\/blockquote>\n<p><code><script charset=\"utf-8\" type=\"text\/javascript\" src=\"\/\/platform.twitter.com\/widgets.js\" async=\"\"><\/script><\/code> Sembla que en els entorns activistes,\u00a0<em>escrache<\/em> \u00e9s la paraula del moment. Va sonar bastant a la trobada Colpegem Juntes del passat cap de setmana. Alg\u00fa deia &#8220;<em>scrath<\/em>, o com es digui, no s\u00e9 pronunciar-ho&#8221;. No, no, <a href=\"http:\/\/lema.rae.es\/drae\/?val=escrache\">escrache<\/a>, \u00e9s castell\u00e0 i ho porta la RAE, un invent de les terres del sud. La definici\u00f3 del diccionari, per\u00f2, sempre deixa molt a desitjar. Molt m\u00e9s adient \u00e9s la que d\u00f3na (<a href=\"http:\/\/es.wikipedia.org\/wiki\/Escrache#Concepto\">segons la Wikipedia<\/a>) el <em>Diccionario del Habla de los Argentinos<\/em>: &#8220;denuncia popular en contra de personas acusadas de violaciones a los derechos humanos o de corrupci\u00f3n, que se realiza mediante actos tales como sentadas, c\u00e1nticos o pintadas, frente a su domicilio particular o en lugares p\u00fablicos&#8221;. L&#8217;origen (cito la mateixa enciclop\u00e8dia):<\/p>\n<blockquote><p>La palabra fue utilizada desde\u00a0<a title=\"1995\" href=\"http:\/\/es.wikipedia.org\/wiki\/1995\">1995<\/a>\u00a0por la\u00a0<a title=\"Agrupaci\u00f3n\" href=\"http:\/\/es.wikipedia.org\/wiki\/Agrupaci%C3%B3n\">agrupaci\u00f3n<\/a>\u00a0de\u00a0<a title=\"Derechos humanos\" href=\"http:\/\/es.wikipedia.org\/wiki\/Derechos_humanos\">derechos humanos<\/a>\u00a0<a title=\"HIJOS\" href=\"http:\/\/es.wikipedia.org\/wiki\/HIJOS\">HIJOS<\/a>, en la \u00e9poca en que procesados por delitos cometidos durante el\u00a0<i><a title=\"Proceso de Reorganizaci\u00f3n Nacional\" href=\"http:\/\/es.wikipedia.org\/wiki\/Proceso_de_Reorganizaci%C3%B3n_Nacional\">Proceso de Reorganizaci\u00f3n Nacional<\/a><\/i>\u00a0hab\u00edan sido puestos en libertad por el\u00a0<a title=\"Indulto\" href=\"http:\/\/es.wikipedia.org\/wiki\/Indulto\">indulto<\/a>\u00a0concedido por\u00a0<a title=\"Carlos Menem\" href=\"http:\/\/es.wikipedia.org\/wiki\/Carlos_Menem\">Carlos Menem<\/a>\u00a0para denominar las manifestaciones realizadas en las inmediaciones del lugar donde viv\u00eda el considerado\u00a0<a title=\"Genocida\" href=\"http:\/\/es.wikipedia.org\/wiki\/Genocida\">genocida<\/a>, y mediante\u00a0<a title=\"C\u00e1ntico\" href=\"http:\/\/es.wikipedia.org\/wiki\/C%C3%A1ntico\">c\u00e1nticos<\/a>,\u00a0<a title=\"M\u00fasica\" href=\"http:\/\/es.wikipedia.org\/wiki\/M%C3%BAsica\">m\u00fasica<\/a>, pintadas, representaciones teatrales, se avisaba a la poblaci\u00f3n vecina que viv\u00edan en la cercan\u00eda de un\u00a0<a title=\"Criminal\" href=\"http:\/\/es.wikipedia.org\/wiki\/Criminal\">criminal<\/a>.<\/p><\/blockquote>\n<p>Que l&#8217;expressi\u00f3 sigui tend\u00e8ncia aqu\u00ed i ara \u00e9s culpa de la PAH. El passat dijous van presentar les \u00faltimes signatures que han recollit per la ILP per la daci\u00f3 en pagament, el lloguer social i la paralitzaci\u00f3 dels desnonaments. Sumen 750.000 (sense comptar les que han recollit altres col\u00b7lectius), moltes m\u00e9s de les 500.000 que necessitaven. L&#8217;entrega d&#8217;aquestes signatures representa un punt d&#8217;inflexi\u00f3, perqu\u00e8 la PAH haur\u00e0 esgotat tots els recursos legals per defensar el dret a l&#8217;habitatge. A partir d&#8217;aqu\u00ed, cenyint-se a la legalitat, nom\u00e9s hi ha l&#8217;abisme. L&#8217;Estat no ofereix cap altra possibilitat per solucionar un problema que afecta cada dia m\u00e9s persones, aix\u00ed que aquesta hauria de ser la bona, per\u00f2 si no ho \u00e9s, la PAH tampoc aturar\u00e0 la seva lluita aqu\u00ed. De moment, per\u00f2, s&#8217;esforcen en que aix\u00f2 surti b\u00e9. Per aix\u00f2 han decidit incrementar la pressi\u00f3, i el dia de la presentaci\u00f3 de les signatures <a href=\"http:\/\/www.youtube.com\/watch?v=JT106c9RH8M\">es podia sentir l&#8217;Ada Colau<\/a> dient que:<\/p>\n<blockquote><p>Lo que no hace el Estado lo har\u00e1 la poblaci\u00f3n y por lo tanto, a partir del 16 de febrero, de esas manifestaciones estatales, vamos a hacer que cada diputado y diputada que no se haya comprometido a votar a favor de esas demandas no pueda moverse impunemente ni por su zona donde viva ni por donde trabaje. En todo el Estado los vamos a se\u00f1alar d\u00eda y noche, tanto en sus barrios, como en sus trabajos, como en sus c\u00edrculos familiares. No van a poder ir por la calle tan tranquilos. Desde luego la Plataforma de Afectados por la Hipoteca, siempre lo ha dicho, es un movimiento pac\u00edfico, no vamos a ejercer la violencia, pero les vamos a se\u00f1alar y no les vamos a dejar que se puedan mover sin que nadie tenga presente lo que est\u00e1n haciendo: provocar el dolor, el sufrimiento y la muerte de miles de personas en el Estado espa\u00f1ol. Exigimos este cambio de la ley y sino, desde luego, nos van a tener que escuchar.<\/p><\/blockquote>\n<p>Si fos un diputat, \u00a0tenint en compte la contund\u00e8ncia amb que s&#8217;expressa Colau, estaria preocupat. Aix\u00f2 explicaria el titular que una estona despr\u00e9s publicava Europa Press:\u00a0<a href=\"http:\/\/www.europapress.es\/economia\/construccion-y-vivienda-00342\/noticia-economia-iu-no-aprueba-amenaza-afectados-hipotecas-acosar-diputados-entiende-desesperacion-20130124133514.html\">IU no aprueba la amenaza de los Afectados por Hipotecas de acosar a diputados, pero entiende su desesperaci\u00f3n<\/a>. Cayo Lara, m\u00e0xim responsable de IU, expressava tamb\u00e9 \u2013i el contrari hagu\u00e9s estat inexplicable\u2013 el seu suport a les mesures de la ILP. La noticia, en realitat, deixa lloc a dubtes, ja que la cita textual diu que &#8220;no vamos a alentar ni a animar a que la gente acose a los diputados&#8221;. La &#8220;no aprovaci\u00f3&#8221; no est\u00e0 citada, per\u00f2 tampoc ha estat desmentida per Cayo Lara, interpel\u00b7lat insistentment al respecte a Twitter. La PAH, per la seva banda, <a href=\"https:\/\/twitter.com\/LA_PAH\/status\/294428839319326721\">explicava<\/a>\u00a0que &#8220;no es acosar, es se\u00f1alar y poner nombre a los responsables del #genocidioFinanciero&#8221;. A can Twitter, les reaccions no es van fer esperar. @Wilisunt <a href=\"https:\/\/twitter.com\/wilisunt\/status\/294443346817081344\">deia<\/a> que davant el terme &#8220;escrache&#8221; als pol\u00edtics &#8220;les sale reacci\u00f3n miedo-corporativista&#8221;. &#8220;Que dice IU, que una cosa es que teng\u00e1is derecho a la vivienda y otra que importun\u00e9is a los cargos p\u00fablicos, que a ver que va a ser esto&#8221;, <a href=\"https:\/\/twitter.com\/axebra\/status\/294493266525700096\">explicava<\/a> @axebra. Per\u00f2 el comentari que permetia tancar la q\u00fcesti\u00f3 era el de @casiopeaexpres:<\/p>\n<blockquote class=\"twitter-tweet\"><p>La campa\u00f1a de escraches que anuncia @<a href=\"https:\/\/twitter.com\/la_pah\">la_pah<\/a> es muy f\u00e1cil de evitar. Basta con aprobar una ILP que est\u00e1n solicitando millones de personas.<\/p>\n<p>\u2014 Guillermo Zapata (@casiopeaexpres) <a href=\"https:\/\/twitter.com\/casiopeaexpres\/status\/294731673294213120\">January 25, 2013<\/a><\/p><\/blockquote>\n<p>Enmig d&#8217;aquesta discussi\u00f3, Jordi Mir compartia amb mi un article sobre els <i>escraches<\/i>\u00a0a Argentina que <a href=\"http:\/\/www.vientosur.info\/spip\/spip.php?article2952\">havia publicat l&#8217;any 2008 a la revista Viento Sur<\/a>. La lectura em va plantejar algunes reflexions sobre la just\u00edcia. Mir planteja que l&#8217;<em>escrache\u00a0<\/em>\u00e9s una resposta a la impunitat, i assegura que &#8220;a la impunidad jur\u00eddica se une la impunidad social garantizada por el desconocimiento de la identidad de aquellas personas que sustentaron la dictadura en Argentina&#8221;. I afegeix:<\/p>\n<blockquote><p>Lo que lleva al escrache es la inexistencia de justicia. La justicia que es lenta no es justicia. La justicia que establece diferencias entre ciudadanos de una clase u otra no es justicia. No hay justicia, ni condena, pero puede haber justicia popular y condena social. Ante las leyes de obediencia debida y punto final, la justicia nace desde abajo e intenta que el conjunto de la sociedad la asuma como propia.<\/p><\/blockquote>\n<p>En el cas argent\u00ed, per\u00f2, parlem d&#8217;accions contra persones la implicaci\u00f3 de les quals en la dictadura havia estat provada, per\u00f2 que no havien estat jutjades. Aqu\u00ed, en canvi, parlem d&#8217;accions contra parlamentaris pel fet de rebutjar una llei que, per altra banda, podem considerar justa i necess\u00e0ria. Probablement, el conflicte desapareix quan canviem de punt de vista. I \u00e9s que la PAH no at\u00e9n a majories parlament\u00e0ries, no es tracta d&#8217;una visi\u00f3 pol\u00edtica o una altra, sin\u00f3 d&#8217;evitar el <strong>genocidi<\/strong> financer, que est\u00e0 causant la <strong>dictadura<\/strong> dels mercats. Vist aix\u00ed, efectivament, qui no voti a favor de la ILP estaria, com passava a Argentina, atemptant contra els drets fonamentals al servei d&#8217;una dictadura.<\/p>\n<p>I qu\u00e8 hi ha de la viol\u00e8ncia? Perqu\u00e8, certament, &#8220;los vamos a se\u00f1alar d\u00eda y noche, tanto en sus barrios, como en sus trabajos, como en sus c\u00edrculos familiares&#8221; no sona gaire agradable. Tot dependr\u00e0, clar, del que entenguem per viol\u00e8ncia, perqu\u00e8 per alguns pot ser-ho el simple fet de trencar amb l&#8217;ordre establert. Mir en parla a respecte de HIJOS:<\/p>\n<blockquote><p>Resulta evidente que hay un componente de violencia en estas pr\u00e1cticas. Pero parece quedar claro que no se trata de agresiones f\u00edsicas. Se trata de una actividad que busca informar, desenmascarar, no agredir, no ir contra la integridad f\u00edsica. Pero no puede hacerlo sin romper con la situaci\u00f3n creada. Hay que desobedecer las leyes de punto final y obediencia debida, hay que desobedecer la impunidad, hay que mostrar aquello que como sociedad no se quiere ver.<\/p><\/blockquote>\n<p>I tot plegat, tant la ILP com les 750.000 firmes, que probablement acabaran sent un mili\u00f3, han servit principalment per portar el problema de l&#8217;habitatge a aquest punt d&#8217;inflexi\u00f3. Les mesures fa molt que les proposen. Que qui no hi voti a favor \u00e9s c\u00f2mplice, tamb\u00e9 fa molt que ho diuen. Ara, per\u00f2, no hi ha arguments en contra. Han fet tot el que se&#8217;ls hi demanava. Ho ha reclamat la ciutadania, no nom\u00e9s afectats i activistes pel dret a l&#8217;habitatge, i els diputats nom\u00e9s han de votar, tot i que poden optar per introduir infinites modificacions al text.<\/p>\n<p>Al llarg del cam\u00ed, mentre es recollien les signatures, tamb\u00e9 ha anat creixent el suport a les mesures que proposa la PAH, fins a reunir una majoria social. La campanya per l&#8217;aprovaci\u00f3 de la ILP no ser\u00e0 fruit de la desesperaci\u00f3, com deia Cayo Lara, sin\u00f3 de l&#8217;empoderament, del &#8220;s\u00ed se puede&#8221;. Aquesta \u00e9s la principal eina de la PAH: una lluita que no ha parat de cr\u00e9ixer perqu\u00e8 ha tingut vict\u00f2ries dia rere dia, desnonament rere desnonament; petits objectius assolibles que han obert cam\u00ed als grans objectius com la ILP.<\/p>\n<p>L&#8217;<em>escrache<\/em>, en aquest context, t\u00e9 l&#8217;empoderament com una funci\u00f3 b\u00e0sica. En parlava Simona Levi a Colpegem Juntes:\u00a0&#8220;No es que nos creamos la justicia actual, se trata de hacer escrache y empoderarnos&#8221;, <a href=\"https:\/\/twitter.com\/jotaemi\/status\/295142825375432704\">deia<\/a> sobre @15MpaRato. I efectivament, la cosa no est\u00e0 nom\u00e9s en esperar que la just\u00edcia condemni a Rodrigo Rato per les seves malifetes a Bankia, sin\u00f3 en trencar amb la impot\u00e8ncia aconseguint que com a m\u00ednim sigui jutjat.<\/p>\n<p>No es tracta, doncs, d&#8217;atacar alg\u00fa amb l&#8217;objectiu d&#8217;enfonsar-lo en la mis\u00e8ria. L&#8217;atac \u00e9s al sistema, a les injust\u00edcies, a la impunitat i a les impot\u00e8ncies. La pressi\u00f3 busca, tant en el cas dels argentins com en el de @15MpaRato, que la just\u00edcia jutgi, sense difer\u00e8ncies. Evitar que nom\u00e9s hi hagi &#8220;la culpabilitat de les sardines i la impunitat dels taurons&#8221;, com deia fa uns dies Jaume Asens, citant lliurement Rosa Luxemburg, en <a href=\"http:\/\/www.eldiario.es\/catalunya\/Iaioflautas-presentan-manifiesto-represion_0_91341253.html\">un acte contra la repressi\u00f3<\/a>. En el cas de la PAH, el que busca, tot i no creure en aquest sistema, \u00e9s que els representants representin. La cosa est\u00e0 en que defensin els interessos del poble, no de ning\u00fa altre.\u00a0<a href=\"http:\/\/www.flickr.com\/photos\/jordiclaraturon\/5746265899\/\">I que ens deixin somiar<\/a>, clar.<\/p>\n","protected":false},"excerpt":{"rendered":"<p>.@cayo_laraOLA KE ESCRACHES \u2014 Oscar G (@oscartaxibcn) January 24, 2013 Sembla que en els entorns activistes,\u00a0escrache \u00e9s la paraula del moment. Va sonar bastant a la trobada Colpegem Juntes del passat cap de setmana. Alg\u00fa deia &#8220;scrath, o com es digui, no s\u00e9 pronunciar-ho&#8221;. No, no, escrache, \u00e9s castell\u00e0 i ho porta la RAE, un &hellip; <\/p>\n<p class=\"link-more\"><a href=\"https:\/\/www.emdicjoao.com\/?p=505\" class=\"more-link\">Continua llegint <span class=\"screen-reader-text\">\u00ab&#8216;Escrache&#8217;, la paraula de moda\u00bb<\/span><\/a><\/p>\n","protected":false},"author":1,"featured_media":0,"comment_status":"open","ping_status":"open","sticky":false,"template":"","format":"standard","meta":{"_monsterinsights_skip_tracking":false,"_monsterinsights_sitenote_active":false,"_monsterinsights_sitenote_note":"","_monsterinsights_sitenote_category":0,"footnotes":""},"categories":[1],"tags":[188,187,163,189],"yoast_head":"<!-- This site is optimized with the Yoast SEO plugin v22.6 - https:\/\/yoast.com\/wordpress\/plugins\/seo\/ -->\n<title>&#039;Escrache&#039;, la paraula de moda - Em dic Jo\u00e3o<\/title>\n<meta name=\"robots\" content=\"index, follow, max-snippet:-1, max-image-preview:large, max-video-preview:-1\" \/>\n<link rel=\"canonical\" href=\"https:\/\/www.emdicjoao.com\/?p=505\" \/>\n<meta property=\"og:locale\" content=\"ca_ES\" \/>\n<meta property=\"og:type\" content=\"article\" \/>\n<meta property=\"og:title\" content=\"&#039;Escrache&#039;, la paraula de moda - Em dic Jo\u00e3o\" \/>\n<meta property=\"og:description\" content=\".@cayo_laraOLA KE ESCRACHES \u2014 Oscar G (@oscartaxibcn) January 24, 2013 Sembla que en els entorns activistes,\u00a0escrache \u00e9s la paraula del moment. Va sonar bastant a la trobada Colpegem Juntes del passat cap de setmana. Alg\u00fa deia &#8220;scrath, o com es digui, no s\u00e9 pronunciar-ho&#8221;. No, no, escrache, \u00e9s castell\u00e0 i ho porta la RAE, un &hellip; Continua llegint \u00ab&#8216;Escrache&#8217;, la paraula de moda\u00bb\" \/>\n<meta property=\"og:url\" content=\"https:\/\/www.emdicjoao.com\/?p=505\" \/>\n<meta property=\"og:site_name\" content=\"Em dic Jo\u00e3o\" \/>\n<meta property=\"article:published_time\" content=\"2013-01-30T10:06:05+00:00\" \/>\n<meta property=\"article:modified_time\" content=\"2013-01-30T15:42:02+00:00\" \/>\n<meta name=\"author\" content=\"Jo\u00e3o Fran\u00e7a\" \/>\n<meta name=\"twitter:card\" content=\"summary_large_image\" \/>\n<meta name=\"twitter:creator\" content=\"@jotaemi\" \/>\n<meta name=\"twitter:site\" content=\"@jotaemi\" \/>\n<meta name=\"twitter:label1\" content=\"Escrit per\" \/>\n\t<meta name=\"twitter:data1\" content=\"Jo\u00e3o Fran\u00e7a\" \/>\n\t<meta name=\"twitter:label2\" content=\"Temps estimat de lectura\" \/>\n\t<meta name=\"twitter:data2\" content=\"8 minuts\" \/>\n<script type=\"application\/ld+json\" class=\"yoast-schema-graph\">{\"@context\":\"https:\/\/schema.org\",\"@graph\":[{\"@type\":\"WebPage\",\"@id\":\"https:\/\/www.emdicjoao.com\/?p=505\",\"url\":\"https:\/\/www.emdicjoao.com\/?p=505\",\"name\":\"'Escrache', la paraula de moda - Em dic Jo\u00e3o\",\"isPartOf\":{\"@id\":\"http:\/\/www.emdicjoao.com\/#website\"},\"datePublished\":\"2013-01-30T10:06:05+00:00\",\"dateModified\":\"2013-01-30T15:42:02+00:00\",\"author\":{\"@id\":\"http:\/\/www.emdicjoao.com\/#\/schema\/person\/3ced8d4b3512e6619f92933ea3e370bb\"},\"breadcrumb\":{\"@id\":\"https:\/\/www.emdicjoao.com\/?p=505#breadcrumb\"},\"inLanguage\":\"ca\",\"potentialAction\":[{\"@type\":\"ReadAction\",\"target\":[\"https:\/\/www.emdicjoao.com\/?p=505\"]}]},{\"@type\":\"BreadcrumbList\",\"@id\":\"https:\/\/www.emdicjoao.com\/?p=505#breadcrumb\",\"itemListElement\":[{\"@type\":\"ListItem\",\"position\":1,\"name\":\"Inici\",\"item\":\"http:\/\/www.emdicjoao.com\/\"},{\"@type\":\"ListItem\",\"position\":2,\"name\":\"&#8216;Escrache&#8217;, la paraula de moda\"}]},{\"@type\":\"WebSite\",\"@id\":\"http:\/\/www.emdicjoao.com\/#website\",\"url\":\"http:\/\/www.emdicjoao.com\/\",\"name\":\"Em dic Jo\u00e3o\",\"description\":\"i torno a provar de tenir un blog\",\"potentialAction\":[{\"@type\":\"SearchAction\",\"target\":{\"@type\":\"EntryPoint\",\"urlTemplate\":\"http:\/\/www.emdicjoao.com\/?s={search_term_string}\"},\"query-input\":\"required name=search_term_string\"}],\"inLanguage\":\"ca\"},{\"@type\":\"Person\",\"@id\":\"http:\/\/www.emdicjoao.com\/#\/schema\/person\/3ced8d4b3512e6619f92933ea3e370bb\",\"name\":\"Jo\u00e3o Fran\u00e7a\",\"image\":{\"@type\":\"ImageObject\",\"inLanguage\":\"ca\",\"@id\":\"http:\/\/www.emdicjoao.com\/#\/schema\/person\/image\/\",\"url\":\"https:\/\/secure.gravatar.com\/avatar\/874144ce703bbc3b1cb8439fcb156ae2?s=96&d=monsterid&r=g\",\"contentUrl\":\"https:\/\/secure.gravatar.com\/avatar\/874144ce703bbc3b1cb8439fcb156ae2?s=96&d=monsterid&r=g\",\"caption\":\"Jo\u00e3o Fran\u00e7a\"}}]}<\/script>\n<!-- \/ Yoast SEO plugin. -->","yoast_head_json":{"title":"'Escrache', la paraula de moda - Em dic Jo\u00e3o","robots":{"index":"index","follow":"follow","max-snippet":"max-snippet:-1","max-image-preview":"max-image-preview:large","max-video-preview":"max-video-preview:-1"},"canonical":"https:\/\/www.emdicjoao.com\/?p=505","og_locale":"ca_ES","og_type":"article","og_title":"'Escrache', la paraula de moda - Em dic Jo\u00e3o","og_description":".@cayo_laraOLA KE ESCRACHES \u2014 Oscar G (@oscartaxibcn) January 24, 2013 Sembla que en els entorns activistes,\u00a0escrache \u00e9s la paraula del moment. Va sonar bastant a la trobada Colpegem Juntes del passat cap de setmana. Alg\u00fa deia &#8220;scrath, o com es digui, no s\u00e9 pronunciar-ho&#8221;. No, no, escrache, \u00e9s castell\u00e0 i ho porta la RAE, un &hellip; Continua llegint \u00ab&#8216;Escrache&#8217;, la paraula de moda\u00bb","og_url":"https:\/\/www.emdicjoao.com\/?p=505","og_site_name":"Em dic Jo\u00e3o","article_published_time":"2013-01-30T10:06:05+00:00","article_modified_time":"2013-01-30T15:42:02+00:00","author":"Jo\u00e3o Fran\u00e7a","twitter_card":"summary_large_image","twitter_creator":"@jotaemi","twitter_site":"@jotaemi","twitter_misc":{"Escrit per":"Jo\u00e3o Fran\u00e7a","Temps estimat de lectura":"8 minuts"},"schema":{"@context":"https:\/\/schema.org","@graph":[{"@type":"WebPage","@id":"https:\/\/www.emdicjoao.com\/?p=505","url":"https:\/\/www.emdicjoao.com\/?p=505","name":"'Escrache', la paraula de moda - Em dic Jo\u00e3o","isPartOf":{"@id":"http:\/\/www.emdicjoao.com\/#website"},"datePublished":"2013-01-30T10:06:05+00:00","dateModified":"2013-01-30T15:42:02+00:00","author":{"@id":"http:\/\/www.emdicjoao.com\/#\/schema\/person\/3ced8d4b3512e6619f92933ea3e370bb"},"breadcrumb":{"@id":"https:\/\/www.emdicjoao.com\/?p=505#breadcrumb"},"inLanguage":"ca","potentialAction":[{"@type":"ReadAction","target":["https:\/\/www.emdicjoao.com\/?p=505"]}]},{"@type":"BreadcrumbList","@id":"https:\/\/www.emdicjoao.com\/?p=505#breadcrumb","itemListElement":[{"@type":"ListItem","position":1,"name":"Inici","item":"http:\/\/www.emdicjoao.com\/"},{"@type":"ListItem","position":2,"name":"&#8216;Escrache&#8217;, la paraula de moda"}]},{"@type":"WebSite","@id":"http:\/\/www.emdicjoao.com\/#website","url":"http:\/\/www.emdicjoao.com\/","name":"Em dic Jo\u00e3o","description":"i torno a provar de tenir un blog","potentialAction":[{"@type":"SearchAction","target":{"@type":"EntryPoint","urlTemplate":"http:\/\/www.emdicjoao.com\/?s={search_term_string}"},"query-input":"required name=search_term_string"}],"inLanguage":"ca"},{"@type":"Person","@id":"http:\/\/www.emdicjoao.com\/#\/schema\/person\/3ced8d4b3512e6619f92933ea3e370bb","name":"Jo\u00e3o Fran\u00e7a","image":{"@type":"ImageObject","inLanguage":"ca","@id":"http:\/\/www.emdicjoao.com\/#\/schema\/person\/image\/","url":"https:\/\/secure.gravatar.com\/avatar\/874144ce703bbc3b1cb8439fcb156ae2?s=96&d=monsterid&r=g","contentUrl":"https:\/\/secure.gravatar.com\/avatar\/874144ce703bbc3b1cb8439fcb156ae2?s=96&d=monsterid&r=g","caption":"Jo\u00e3o Fran\u00e7a"}}]}},"_links":{"self":[{"href":"https:\/\/www.emdicjoao.com\/index.php?rest_route=\/wp\/v2\/posts\/505"}],"collection":[{"href":"https:\/\/www.emdicjoao.com\/index.php?rest_route=\/wp\/v2\/posts"}],"about":[{"href":"https:\/\/www.emdicjoao.com\/index.php?rest_route=\/wp\/v2\/types\/post"}],"author":[{"embeddable":true,"href":"https:\/\/www.emdicjoao.com\/index.php?rest_route=\/wp\/v2\/users\/1"}],"replies":[{"embeddable":true,"href":"https:\/\/www.emdicjoao.com\/index.php?rest_route=%2Fwp%2Fv2%2Fcomments&post=505"}],"version-history":[{"count":9,"href":"https:\/\/www.emdicjoao.com\/index.php?rest_route=\/wp\/v2\/posts\/505\/revisions"}],"predecessor-version":[{"id":513,"href":"https:\/\/www.emdicjoao.com\/index.php?rest_route=\/wp\/v2\/posts\/505\/revisions\/513"}],"wp:attachment":[{"href":"https:\/\/www.emdicjoao.com\/index.php?rest_route=%2Fwp%2Fv2%2Fmedia&parent=505"}],"wp:term":[{"taxonomy":"category","embeddable":true,"href":"https:\/\/www.emdicjoao.com\/index.php?rest_route=%2Fwp%2Fv2%2Fcategories&post=505"},{"taxonomy":"post_tag","embeddable":true,"href":"https:\/\/www.emdicjoao.com\/index.php?rest_route=%2Fwp%2Fv2%2Ftags&post=505"}],"curies":[{"name":"wp","href":"https:\/\/api.w.org\/{rel}","templated":true}]}}