{"id":54,"date":"2009-01-26T22:36:08","date_gmt":"2009-01-26T21:36:08","guid":{"rendered":"http:\/\/emdicjoao.wordpress.com\/?p=54"},"modified":"2009-01-26T22:36:08","modified_gmt":"2009-01-26T21:36:08","slug":"si-puc","status":"publish","type":"post","link":"https:\/\/www.emdicjoao.com\/?p=54","title":{"rendered":"Si puc"},"content":{"rendered":"<p style=\"text-align:justify;\">Fragment de poema llegit i tatuat a la superf\u00edcie del cervell poc abans de les quatre de la matinada:<\/p>\n<blockquote><p>Alguna cosa ha entrat<br \/>\ndins algun vers que s\u00e9<br \/>\nque podr\u00e9 escriure, i no<br \/>\ns\u00e9 quan, ni com, ni qu\u00e8<br \/>\ns&#8217;avindr\u00e0 a dir.<\/p>\n<p style=\"text-align:right;\">Gabriel Ferrater<\/p>\n<\/blockquote>\n<p style=\"text-align:left;\">M&#8217;encanta Ferrater. M&#8217;encanta quan les coses cauen dins de versos. M&#8217;encantaria poder-los escriure. M&#8217;encantaria poder dormir.<\/p>\n","protected":false},"excerpt":{"rendered":"<p>Fragment de poema llegit i tatuat a la superf\u00edcie del cervell poc abans de les quatre de la matinada: Alguna cosa ha entrat dins algun vers que s\u00e9 que podr\u00e9 escriure, i no s\u00e9 quan, ni com, ni qu\u00e8 s&#8217;avindr\u00e0 a dir. Gabriel Ferrater M&#8217;encanta Ferrater. M&#8217;encanta quan les coses cauen dins de versos. M&#8217;encantaria &hellip; <\/p>\n<p class=\"link-more\"><a href=\"https:\/\/www.emdicjoao.com\/?p=54\" class=\"more-link\">Continua llegint <span class=\"screen-reader-text\">\u00abSi puc\u00bb<\/span><\/a><\/p>\n","protected":false},"author":2,"featured_media":0,"comment_status":"open","ping_status":"open","sticky":false,"template":"","format":"standard","meta":{"_monsterinsights_skip_tracking":false,"_monsterinsights_sitenote_active":false,"_monsterinsights_sitenote_note":"","_monsterinsights_sitenote_category":0,"footnotes":""},"categories":[5],"tags":[114],"yoast_head":"<!-- This site is optimized with the Yoast SEO plugin v22.6 - https:\/\/yoast.com\/wordpress\/plugins\/seo\/ -->\n<title>Si puc - Em dic Jo\u00e3o<\/title>\n<meta name=\"robots\" content=\"index, follow, max-snippet:-1, max-image-preview:large, max-video-preview:-1\" \/>\n<link rel=\"canonical\" href=\"https:\/\/www.emdicjoao.com\/?p=54\" \/>\n<meta property=\"og:locale\" content=\"ca_ES\" \/>\n<meta property=\"og:type\" content=\"article\" \/>\n<meta property=\"og:title\" content=\"Si puc - Em dic Jo\u00e3o\" \/>\n<meta property=\"og:description\" content=\"Fragment de poema llegit i tatuat a la superf\u00edcie del cervell poc abans de les quatre de la matinada: Alguna cosa ha entrat dins algun vers que s\u00e9 que podr\u00e9 escriure, i no s\u00e9 quan, ni com, ni qu\u00e8 s&#8217;avindr\u00e0 a dir. Gabriel Ferrater M&#8217;encanta Ferrater. M&#8217;encanta quan les coses cauen dins de versos. M&#8217;encantaria &hellip; Continua llegint \u00abSi puc\u00bb\" \/>\n<meta property=\"og:url\" content=\"https:\/\/www.emdicjoao.com\/?p=54\" \/>\n<meta property=\"og:site_name\" content=\"Em dic Jo\u00e3o\" \/>\n<meta property=\"article:published_time\" content=\"2009-01-26T21:36:08+00:00\" \/>\n<meta name=\"author\" content=\"Jo\u00e3o Fran\u00e7a (blog antic)\" \/>\n<meta name=\"twitter:card\" content=\"summary_large_image\" \/>\n<meta name=\"twitter:creator\" content=\"@jotaemi\" \/>\n<meta name=\"twitter:site\" content=\"@jotaemi\" \/>\n<meta name=\"twitter:label1\" content=\"Escrit per\" \/>\n\t<meta name=\"twitter:data1\" content=\"Jo\u00e3o Fran\u00e7a (blog antic)\" \/>\n<script type=\"application\/ld+json\" class=\"yoast-schema-graph\">{\"@context\":\"https:\/\/schema.org\",\"@graph\":[{\"@type\":\"WebPage\",\"@id\":\"https:\/\/www.emdicjoao.com\/?p=54\",\"url\":\"https:\/\/www.emdicjoao.com\/?p=54\",\"name\":\"Si puc - Em dic Jo\u00e3o\",\"isPartOf\":{\"@id\":\"http:\/\/www.emdicjoao.com\/#website\"},\"datePublished\":\"2009-01-26T21:36:08+00:00\",\"dateModified\":\"2009-01-26T21:36:08+00:00\",\"author\":{\"@id\":\"http:\/\/www.emdicjoao.com\/#\/schema\/person\/77eacbb1dcbb3afd8e53cc3b3ef1ebc1\"},\"breadcrumb\":{\"@id\":\"https:\/\/www.emdicjoao.com\/?p=54#breadcrumb\"},\"inLanguage\":\"ca\",\"potentialAction\":[{\"@type\":\"ReadAction\",\"target\":[\"https:\/\/www.emdicjoao.com\/?p=54\"]}]},{\"@type\":\"BreadcrumbList\",\"@id\":\"https:\/\/www.emdicjoao.com\/?p=54#breadcrumb\",\"itemListElement\":[{\"@type\":\"ListItem\",\"position\":1,\"name\":\"Inici\",\"item\":\"http:\/\/www.emdicjoao.com\/\"},{\"@type\":\"ListItem\",\"position\":2,\"name\":\"Si puc\"}]},{\"@type\":\"WebSite\",\"@id\":\"http:\/\/www.emdicjoao.com\/#website\",\"url\":\"http:\/\/www.emdicjoao.com\/\",\"name\":\"Em dic Jo\u00e3o\",\"description\":\"i torno a provar de tenir un blog\",\"potentialAction\":[{\"@type\":\"SearchAction\",\"target\":{\"@type\":\"EntryPoint\",\"urlTemplate\":\"http:\/\/www.emdicjoao.com\/?s={search_term_string}\"},\"query-input\":\"required name=search_term_string\"}],\"inLanguage\":\"ca\"},{\"@type\":\"Person\",\"@id\":\"http:\/\/www.emdicjoao.com\/#\/schema\/person\/77eacbb1dcbb3afd8e53cc3b3ef1ebc1\",\"name\":\"Jo\u00e3o Fran\u00e7a (blog antic)\",\"image\":{\"@type\":\"ImageObject\",\"inLanguage\":\"ca\",\"@id\":\"http:\/\/www.emdicjoao.com\/#\/schema\/person\/image\/\",\"url\":\"https:\/\/secure.gravatar.com\/avatar\/2e3d24fdc8a1e0112d7f0353f6a54f18?s=96&d=monsterid&r=g\",\"contentUrl\":\"https:\/\/secure.gravatar.com\/avatar\/2e3d24fdc8a1e0112d7f0353f6a54f18?s=96&d=monsterid&r=g\",\"caption\":\"Jo\u00e3o Fran\u00e7a (blog antic)\"},\"sameAs\":[\"http:\/\/emdicjoao.wordpress.com\/\"]}]}<\/script>\n<!-- \/ Yoast SEO plugin. -->","yoast_head_json":{"title":"Si puc - Em dic Jo\u00e3o","robots":{"index":"index","follow":"follow","max-snippet":"max-snippet:-1","max-image-preview":"max-image-preview:large","max-video-preview":"max-video-preview:-1"},"canonical":"https:\/\/www.emdicjoao.com\/?p=54","og_locale":"ca_ES","og_type":"article","og_title":"Si puc - Em dic Jo\u00e3o","og_description":"Fragment de poema llegit i tatuat a la superf\u00edcie del cervell poc abans de les quatre de la matinada: Alguna cosa ha entrat dins algun vers que s\u00e9 que podr\u00e9 escriure, i no s\u00e9 quan, ni com, ni qu\u00e8 s&#8217;avindr\u00e0 a dir. Gabriel Ferrater M&#8217;encanta Ferrater. M&#8217;encanta quan les coses cauen dins de versos. M&#8217;encantaria &hellip; Continua llegint \u00abSi puc\u00bb","og_url":"https:\/\/www.emdicjoao.com\/?p=54","og_site_name":"Em dic Jo\u00e3o","article_published_time":"2009-01-26T21:36:08+00:00","author":"Jo\u00e3o Fran\u00e7a (blog antic)","twitter_card":"summary_large_image","twitter_creator":"@jotaemi","twitter_site":"@jotaemi","twitter_misc":{"Escrit per":"Jo\u00e3o Fran\u00e7a (blog antic)"},"schema":{"@context":"https:\/\/schema.org","@graph":[{"@type":"WebPage","@id":"https:\/\/www.emdicjoao.com\/?p=54","url":"https:\/\/www.emdicjoao.com\/?p=54","name":"Si puc - Em dic Jo\u00e3o","isPartOf":{"@id":"http:\/\/www.emdicjoao.com\/#website"},"datePublished":"2009-01-26T21:36:08+00:00","dateModified":"2009-01-26T21:36:08+00:00","author":{"@id":"http:\/\/www.emdicjoao.com\/#\/schema\/person\/77eacbb1dcbb3afd8e53cc3b3ef1ebc1"},"breadcrumb":{"@id":"https:\/\/www.emdicjoao.com\/?p=54#breadcrumb"},"inLanguage":"ca","potentialAction":[{"@type":"ReadAction","target":["https:\/\/www.emdicjoao.com\/?p=54"]}]},{"@type":"BreadcrumbList","@id":"https:\/\/www.emdicjoao.com\/?p=54#breadcrumb","itemListElement":[{"@type":"ListItem","position":1,"name":"Inici","item":"http:\/\/www.emdicjoao.com\/"},{"@type":"ListItem","position":2,"name":"Si puc"}]},{"@type":"WebSite","@id":"http:\/\/www.emdicjoao.com\/#website","url":"http:\/\/www.emdicjoao.com\/","name":"Em dic Jo\u00e3o","description":"i torno a provar de tenir un blog","potentialAction":[{"@type":"SearchAction","target":{"@type":"EntryPoint","urlTemplate":"http:\/\/www.emdicjoao.com\/?s={search_term_string}"},"query-input":"required name=search_term_string"}],"inLanguage":"ca"},{"@type":"Person","@id":"http:\/\/www.emdicjoao.com\/#\/schema\/person\/77eacbb1dcbb3afd8e53cc3b3ef1ebc1","name":"Jo\u00e3o Fran\u00e7a (blog antic)","image":{"@type":"ImageObject","inLanguage":"ca","@id":"http:\/\/www.emdicjoao.com\/#\/schema\/person\/image\/","url":"https:\/\/secure.gravatar.com\/avatar\/2e3d24fdc8a1e0112d7f0353f6a54f18?s=96&d=monsterid&r=g","contentUrl":"https:\/\/secure.gravatar.com\/avatar\/2e3d24fdc8a1e0112d7f0353f6a54f18?s=96&d=monsterid&r=g","caption":"Jo\u00e3o Fran\u00e7a (blog antic)"},"sameAs":["http:\/\/emdicjoao.wordpress.com\/"]}]}},"_links":{"self":[{"href":"https:\/\/www.emdicjoao.com\/index.php?rest_route=\/wp\/v2\/posts\/54"}],"collection":[{"href":"https:\/\/www.emdicjoao.com\/index.php?rest_route=\/wp\/v2\/posts"}],"about":[{"href":"https:\/\/www.emdicjoao.com\/index.php?rest_route=\/wp\/v2\/types\/post"}],"author":[{"embeddable":true,"href":"https:\/\/www.emdicjoao.com\/index.php?rest_route=\/wp\/v2\/users\/2"}],"replies":[{"embeddable":true,"href":"https:\/\/www.emdicjoao.com\/index.php?rest_route=%2Fwp%2Fv2%2Fcomments&post=54"}],"version-history":[{"count":0,"href":"https:\/\/www.emdicjoao.com\/index.php?rest_route=\/wp\/v2\/posts\/54\/revisions"}],"wp:attachment":[{"href":"https:\/\/www.emdicjoao.com\/index.php?rest_route=%2Fwp%2Fv2%2Fmedia&parent=54"}],"wp:term":[{"taxonomy":"category","embeddable":true,"href":"https:\/\/www.emdicjoao.com\/index.php?rest_route=%2Fwp%2Fv2%2Fcategories&post=54"},{"taxonomy":"post_tag","embeddable":true,"href":"https:\/\/www.emdicjoao.com\/index.php?rest_route=%2Fwp%2Fv2%2Ftags&post=54"}],"curies":[{"name":"wp","href":"https:\/\/api.w.org\/{rel}","templated":true}]}}