{"id":550,"date":"2013-02-26T01:40:52","date_gmt":"2013-02-26T00:40:52","guid":{"rendered":"http:\/\/www.emdicjoao.com\/?p=550"},"modified":"2013-02-26T01:40:52","modified_gmt":"2013-02-26T00:40:52","slug":"comunitats","status":"publish","type":"post","link":"https:\/\/www.emdicjoao.com\/?p=550","title":{"rendered":"Comunitats"},"content":{"rendered":"<p><em>(Entrada recuperada que vaig haver de deixar a mitges la setmana passada)<\/em><\/p>\n<p>Hi ha qui diu que Twitter no \u00e9s de fiar, que es difonen moltes informacions falses. Com a tot arreu. No hi ha res m\u00e9s absurd (i @FacuDiazT ha fet molt per demostrar-ho) que creure&#8217;s una cosa pel simple fet d&#8217;estar escrita en menys de 140 car\u00e0cters. El passat dimarts, quan vaig arribar a casa i vaig haver sopat, ja passades les dotze, em vaig trobar alguns tuits que parlaven d&#8217;un su\u00efcidi per desnonament a Barcelona. Vaig fer una cerca amb &#8220;<a href=\"https:\/\/twitter.com\/search\/realtime?q=suicidio+barcelona&amp;src=typd\">suicidio barcelona<\/a>&#8221; i vaig trobar molts tuits \u2013la majoria replicant el mateix missatge\u2013, una adre\u00e7a (Lepant 128) i una foto d&#8217;una furgona dels Serveis Judicials dels Serveis Funeraris de Barcelona.<\/p>\n<p>Com que ning\u00fa dels que considero tuitaires &#8220;solvents&#8221; parlaven del tema (vaig triar unes paraules de cerca que no em portaven als tuits de <a href=\"https:\/\/twitter.com\/Fisiofan\/status\/303918897613127680\">@Fisiofan<\/a> i <a href=\"https:\/\/twitter.com\/bufetalmeida\/statuses\/303931056241909760\">@bufetalmeida<\/a>, que havien estat all\u00e0), no ho vaig considerar fiable i, finalment, vaig decidir agafar la bicicleta i anar a comprovar-ho. Per comen\u00e7ar em vaig trobar que al n\u00famero 128 del carrer Lepant ni tan sols hi ha cap edifici. Per un tuit de <a href=\"https:\/\/twitter.com\/xsubira\/status\/304000644530970624\">@xsubira<\/a> vaig saber que en realitat era el n\u00famero 298, i coincidia amb la fa\u00e7ana de la foto. A la cantonada hi havia una farm\u00e0cia de gu\u00e0rdia i em vaig apropar a preguntar:<\/p>\n<blockquote class=\"twitter-tweet\"><p>El su\u00efcidi ha estat a Lepant 298, sobre les 18h, diu la farmac\u00e8utica de gu\u00e0rdia. Li han dit que jove, d&#8217;uns 27. No sap res de la causa.<\/p>\n<p>\u2014 Jo\u00e3o Fran\u00e7a (@jotaemi) <a href=\"https:\/\/twitter.com\/jotaemi\/status\/304032291817148416\">February 20, 2013<\/a><\/p><\/blockquote>\n<p>L&#8217;endem\u00e0 al mat\u00ed, la mateixa comunitat tuitaire que s&#8217;encarrega de donar la m\u00e0xima difusi\u00f3 a casos com aquest, es va encarregar de fer comprovacions. Un parell de missatges directes, aix\u00ed com un company de @eldiario_Cat, confirmaven per vies diferents que la causa no havia estat un desnonament. @xmonge anava m\u00e9s enll\u00e0 i comprovava que <a href=\"https:\/\/twitter.com\/xmonge\/status\/304182803074019328\">ni tan sols consta lloguer o hipoteca en el pis<\/a>.<\/p>\n<p>Dit aix\u00f2, dues reflexions:<\/p>\n<p>Els desnonaments estan de moda. Dit aix\u00ed sona terrible. \u00c9s bo i dolent. Dolent perqu\u00e8 s\u00f3n un problema, i bo perqu\u00e8 la gent se n&#8217;ha concienciat molt. Ara b\u00e9, a mi se&#8217;m va quedar la imatge d&#8217;aquella vorera del carrer Lepant, que era l&#8217;\u00fanica mullada que vaig trobar en tot el carrer. Restes d&#8217;un drama, que per no ser per un desnonament o per causes econ\u00f2miques no \u00e9s menys drama.<\/p>\n<p>Per altra banda, per qu\u00e8 manipular informacions? Per qu\u00e8 aprofitar-se dels drames aliens? Malauradament, la realitat ja d\u00f3na prou la ra\u00f3 a les nostres reivindicacions i un su\u00efcidi no ha de ser una eina. La nit abans que es vot\u00e9s l&#8217;admissi\u00f3 a tr\u00e0mit de la ILP circulava per internet un rumor sobre un su\u00efcidi per desnonament al Pa\u00eds Basc. La gent de la PAH va tractar de comprovar-ho i, tot i que <a href=\"http:\/\/www.elmundo.es\/elmundo\/2013\/02\/12\/paisvasco\/1360654595.html\">alguns mitjans<\/a>\u00a0(amb una sola font) ho van assegurar, la plataforma no en va fer difusi\u00f3 en no poder comprovar la relaci\u00f3. En qualsevol cas, la trista realitat supera qualsevol ficci\u00f3 que puguem articular, i hores m\u00e9s tard, una parella de jubilats es treia la vida a Mallorca despr\u00e9s de rebre una ordre de desnonament.<\/p>\n<p><strong>M\u00e9s sobre su\u00efcidis i crisi econ\u00f2mica:<\/strong><\/p>\n<ul>\n<li>En un programa d&#8217;<em>Informe Semanal<\/em> de l&#8217;any passat van voler trencar el silenci medi\u00e0tic sobre el su\u00efcidi i hi van donar un tractament molt correcte. <a href=\"http:\/\/www.rtve.es\/alacarta\/videos\/informe-semanal\/informe-semanal-suicidios-ley-del-silencio\/1376327\/\">Link<\/a><\/li>\n<li>Sergi Ravent\u00f3s, especialista en salut mental, he tractat en diverses ocasions a SinPermiso la relaci\u00f3 entre crisi econ\u00f2mica i depressi\u00f3 i su\u00efcidis. En un d&#8217;aquests articles es pregunta perqu\u00e8 la dreta no vol veure la relaci\u00f3 entre pobresa, depressi\u00f3 i su\u00efcidis. <a href=\"http:\/\/www.sinpermiso.info\/textos\/index.php?id=5332\">Link<\/a><\/li>\n<li>H\u00e9ctor Juanatey va parlar amb psic\u00f2legs i la PAH per tractar amb rigor la relaci\u00f3 entre desnonaments i su\u00efcidis. <a href=\"http:\/\/www.eldiario.es\/politica\/suicidios-deshaucios_0_101140277.html\">Link<\/a><\/li>\n<li>Finalment, Maria Manyosa Masip parlava fa uns dies a M\u00e8dia.cat de la responsabilitat de publicar sobre su\u00efcidis. <a href=\"http:\/\/www.media.cat\/2013\/02\/20\/la-responsabilitat-de-publicar-sobre-suicidis\/\">Link<\/a><\/li>\n<\/ul>\n","protected":false},"excerpt":{"rendered":"<p>(Entrada recuperada que vaig haver de deixar a mitges la setmana passada) Hi ha qui diu que Twitter no \u00e9s de fiar, que es difonen moltes informacions falses. Com a tot arreu. No hi ha res m\u00e9s absurd (i @FacuDiazT ha fet molt per demostrar-ho) que creure&#8217;s una cosa pel simple fet d&#8217;estar escrita en &hellip; <\/p>\n<p class=\"link-more\"><a href=\"https:\/\/www.emdicjoao.com\/?p=550\" class=\"more-link\">Continua llegint <span class=\"screen-reader-text\">\u00abComunitats\u00bb<\/span><\/a><\/p>\n","protected":false},"author":1,"featured_media":0,"comment_status":"open","ping_status":"open","sticky":false,"template":"","format":"standard","meta":{"_monsterinsights_skip_tracking":false,"_monsterinsights_sitenote_active":false,"_monsterinsights_sitenote_note":"","_monsterinsights_sitenote_category":0,"footnotes":""},"categories":[1],"tags":[163,172,133,162],"yoast_head":"<!-- This site is optimized with the Yoast SEO plugin v22.6 - https:\/\/yoast.com\/wordpress\/plugins\/seo\/ -->\n<title>Comunitats - Em dic Jo\u00e3o<\/title>\n<meta name=\"robots\" content=\"index, follow, max-snippet:-1, max-image-preview:large, max-video-preview:-1\" \/>\n<link rel=\"canonical\" href=\"https:\/\/www.emdicjoao.com\/?p=550\" \/>\n<meta property=\"og:locale\" content=\"ca_ES\" \/>\n<meta property=\"og:type\" content=\"article\" \/>\n<meta property=\"og:title\" content=\"Comunitats - Em dic Jo\u00e3o\" \/>\n<meta property=\"og:description\" content=\"(Entrada recuperada que vaig haver de deixar a mitges la setmana passada) Hi ha qui diu que Twitter no \u00e9s de fiar, que es difonen moltes informacions falses. Com a tot arreu. No hi ha res m\u00e9s absurd (i @FacuDiazT ha fet molt per demostrar-ho) que creure&#8217;s una cosa pel simple fet d&#8217;estar escrita en &hellip; Continua llegint \u00abComunitats\u00bb\" \/>\n<meta property=\"og:url\" content=\"https:\/\/www.emdicjoao.com\/?p=550\" \/>\n<meta property=\"og:site_name\" content=\"Em dic Jo\u00e3o\" \/>\n<meta property=\"article:published_time\" content=\"2013-02-26T00:40:52+00:00\" \/>\n<meta name=\"author\" content=\"Jo\u00e3o Fran\u00e7a\" \/>\n<meta name=\"twitter:card\" content=\"summary_large_image\" \/>\n<meta name=\"twitter:creator\" content=\"@jotaemi\" \/>\n<meta name=\"twitter:site\" content=\"@jotaemi\" \/>\n<meta name=\"twitter:label1\" content=\"Escrit per\" \/>\n\t<meta name=\"twitter:data1\" content=\"Jo\u00e3o Fran\u00e7a\" \/>\n\t<meta name=\"twitter:label2\" content=\"Temps estimat de lectura\" \/>\n\t<meta name=\"twitter:data2\" content=\"3 minuts\" \/>\n<script type=\"application\/ld+json\" class=\"yoast-schema-graph\">{\"@context\":\"https:\/\/schema.org\",\"@graph\":[{\"@type\":\"WebPage\",\"@id\":\"https:\/\/www.emdicjoao.com\/?p=550\",\"url\":\"https:\/\/www.emdicjoao.com\/?p=550\",\"name\":\"Comunitats - Em dic Jo\u00e3o\",\"isPartOf\":{\"@id\":\"http:\/\/www.emdicjoao.com\/#website\"},\"datePublished\":\"2013-02-26T00:40:52+00:00\",\"dateModified\":\"2013-02-26T00:40:52+00:00\",\"author\":{\"@id\":\"http:\/\/www.emdicjoao.com\/#\/schema\/person\/3ced8d4b3512e6619f92933ea3e370bb\"},\"breadcrumb\":{\"@id\":\"https:\/\/www.emdicjoao.com\/?p=550#breadcrumb\"},\"inLanguage\":\"ca\",\"potentialAction\":[{\"@type\":\"ReadAction\",\"target\":[\"https:\/\/www.emdicjoao.com\/?p=550\"]}]},{\"@type\":\"BreadcrumbList\",\"@id\":\"https:\/\/www.emdicjoao.com\/?p=550#breadcrumb\",\"itemListElement\":[{\"@type\":\"ListItem\",\"position\":1,\"name\":\"Inici\",\"item\":\"http:\/\/www.emdicjoao.com\/\"},{\"@type\":\"ListItem\",\"position\":2,\"name\":\"Comunitats\"}]},{\"@type\":\"WebSite\",\"@id\":\"http:\/\/www.emdicjoao.com\/#website\",\"url\":\"http:\/\/www.emdicjoao.com\/\",\"name\":\"Em dic Jo\u00e3o\",\"description\":\"i torno a provar de tenir un blog\",\"potentialAction\":[{\"@type\":\"SearchAction\",\"target\":{\"@type\":\"EntryPoint\",\"urlTemplate\":\"http:\/\/www.emdicjoao.com\/?s={search_term_string}\"},\"query-input\":\"required name=search_term_string\"}],\"inLanguage\":\"ca\"},{\"@type\":\"Person\",\"@id\":\"http:\/\/www.emdicjoao.com\/#\/schema\/person\/3ced8d4b3512e6619f92933ea3e370bb\",\"name\":\"Jo\u00e3o Fran\u00e7a\",\"image\":{\"@type\":\"ImageObject\",\"inLanguage\":\"ca\",\"@id\":\"http:\/\/www.emdicjoao.com\/#\/schema\/person\/image\/\",\"url\":\"https:\/\/secure.gravatar.com\/avatar\/874144ce703bbc3b1cb8439fcb156ae2?s=96&d=monsterid&r=g\",\"contentUrl\":\"https:\/\/secure.gravatar.com\/avatar\/874144ce703bbc3b1cb8439fcb156ae2?s=96&d=monsterid&r=g\",\"caption\":\"Jo\u00e3o Fran\u00e7a\"}}]}<\/script>\n<!-- \/ Yoast SEO plugin. -->","yoast_head_json":{"title":"Comunitats - Em dic Jo\u00e3o","robots":{"index":"index","follow":"follow","max-snippet":"max-snippet:-1","max-image-preview":"max-image-preview:large","max-video-preview":"max-video-preview:-1"},"canonical":"https:\/\/www.emdicjoao.com\/?p=550","og_locale":"ca_ES","og_type":"article","og_title":"Comunitats - Em dic Jo\u00e3o","og_description":"(Entrada recuperada que vaig haver de deixar a mitges la setmana passada) Hi ha qui diu que Twitter no \u00e9s de fiar, que es difonen moltes informacions falses. Com a tot arreu. No hi ha res m\u00e9s absurd (i @FacuDiazT ha fet molt per demostrar-ho) que creure&#8217;s una cosa pel simple fet d&#8217;estar escrita en &hellip; Continua llegint \u00abComunitats\u00bb","og_url":"https:\/\/www.emdicjoao.com\/?p=550","og_site_name":"Em dic Jo\u00e3o","article_published_time":"2013-02-26T00:40:52+00:00","author":"Jo\u00e3o Fran\u00e7a","twitter_card":"summary_large_image","twitter_creator":"@jotaemi","twitter_site":"@jotaemi","twitter_misc":{"Escrit per":"Jo\u00e3o Fran\u00e7a","Temps estimat de lectura":"3 minuts"},"schema":{"@context":"https:\/\/schema.org","@graph":[{"@type":"WebPage","@id":"https:\/\/www.emdicjoao.com\/?p=550","url":"https:\/\/www.emdicjoao.com\/?p=550","name":"Comunitats - Em dic Jo\u00e3o","isPartOf":{"@id":"http:\/\/www.emdicjoao.com\/#website"},"datePublished":"2013-02-26T00:40:52+00:00","dateModified":"2013-02-26T00:40:52+00:00","author":{"@id":"http:\/\/www.emdicjoao.com\/#\/schema\/person\/3ced8d4b3512e6619f92933ea3e370bb"},"breadcrumb":{"@id":"https:\/\/www.emdicjoao.com\/?p=550#breadcrumb"},"inLanguage":"ca","potentialAction":[{"@type":"ReadAction","target":["https:\/\/www.emdicjoao.com\/?p=550"]}]},{"@type":"BreadcrumbList","@id":"https:\/\/www.emdicjoao.com\/?p=550#breadcrumb","itemListElement":[{"@type":"ListItem","position":1,"name":"Inici","item":"http:\/\/www.emdicjoao.com\/"},{"@type":"ListItem","position":2,"name":"Comunitats"}]},{"@type":"WebSite","@id":"http:\/\/www.emdicjoao.com\/#website","url":"http:\/\/www.emdicjoao.com\/","name":"Em dic Jo\u00e3o","description":"i torno a provar de tenir un blog","potentialAction":[{"@type":"SearchAction","target":{"@type":"EntryPoint","urlTemplate":"http:\/\/www.emdicjoao.com\/?s={search_term_string}"},"query-input":"required name=search_term_string"}],"inLanguage":"ca"},{"@type":"Person","@id":"http:\/\/www.emdicjoao.com\/#\/schema\/person\/3ced8d4b3512e6619f92933ea3e370bb","name":"Jo\u00e3o Fran\u00e7a","image":{"@type":"ImageObject","inLanguage":"ca","@id":"http:\/\/www.emdicjoao.com\/#\/schema\/person\/image\/","url":"https:\/\/secure.gravatar.com\/avatar\/874144ce703bbc3b1cb8439fcb156ae2?s=96&d=monsterid&r=g","contentUrl":"https:\/\/secure.gravatar.com\/avatar\/874144ce703bbc3b1cb8439fcb156ae2?s=96&d=monsterid&r=g","caption":"Jo\u00e3o Fran\u00e7a"}}]}},"_links":{"self":[{"href":"https:\/\/www.emdicjoao.com\/index.php?rest_route=\/wp\/v2\/posts\/550"}],"collection":[{"href":"https:\/\/www.emdicjoao.com\/index.php?rest_route=\/wp\/v2\/posts"}],"about":[{"href":"https:\/\/www.emdicjoao.com\/index.php?rest_route=\/wp\/v2\/types\/post"}],"author":[{"embeddable":true,"href":"https:\/\/www.emdicjoao.com\/index.php?rest_route=\/wp\/v2\/users\/1"}],"replies":[{"embeddable":true,"href":"https:\/\/www.emdicjoao.com\/index.php?rest_route=%2Fwp%2Fv2%2Fcomments&post=550"}],"version-history":[{"count":5,"href":"https:\/\/www.emdicjoao.com\/index.php?rest_route=\/wp\/v2\/posts\/550\/revisions"}],"predecessor-version":[{"id":555,"href":"https:\/\/www.emdicjoao.com\/index.php?rest_route=\/wp\/v2\/posts\/550\/revisions\/555"}],"wp:attachment":[{"href":"https:\/\/www.emdicjoao.com\/index.php?rest_route=%2Fwp%2Fv2%2Fmedia&parent=550"}],"wp:term":[{"taxonomy":"category","embeddable":true,"href":"https:\/\/www.emdicjoao.com\/index.php?rest_route=%2Fwp%2Fv2%2Fcategories&post=550"},{"taxonomy":"post_tag","embeddable":true,"href":"https:\/\/www.emdicjoao.com\/index.php?rest_route=%2Fwp%2Fv2%2Ftags&post=550"}],"curies":[{"name":"wp","href":"https:\/\/api.w.org\/{rel}","templated":true}]}}