{"id":580,"date":"2013-04-11T00:13:17","date_gmt":"2013-04-10T23:13:17","guid":{"rendered":"http:\/\/www.emdicjoao.com\/?p=580"},"modified":"2013-04-11T00:13:17","modified_gmt":"2013-04-10T23:13:17","slug":"remanifestar-se-manifest-remix","status":"publish","type":"post","link":"https:\/\/www.emdicjoao.com\/?p=580","title":{"rendered":"Remanifestar-se (manifest remix)"},"content":{"rendered":"<p>Avui Teresa Forcades i Arcadi Oliveres han fet una nova crida a iniciar un proc\u00e9s constituent. Ho explico a <a href=\"http:\/\/www.eldiario.es\/catalunya\/Arcadi-Oliveres-Teresa-Forcades-Parlament_0_120388898.html\">eldiario.es<\/a> i podeu llegir el manifest <a href=\"http:\/\/www.procesconstituent.cat\/?page_id=2\">aqu\u00ed<\/a>. La gran novetat s\u00f3n les cares (molt medi\u00e0tiques i respectades) que el presenten, per\u00f2 el programa reflecteix reivindicacions que porten un temps sobre la taula. Tant \u00e9s aix\u00ed, que tothom en reivindica l&#8217;autoria.<\/p>\n<p>@Seguintfilroig em diu que \u00e9s cosa dels Iaioflautas:<\/p>\n<blockquote class=\"twitter-tweet\" data-conversation=\"none\"><p>@<a href=\"https:\/\/twitter.com\/jotaemi\">jotaemi<\/a>Em recorda bastant al de Republica Catalana del 99% que van donar a Montserrat els @<a href=\"https:\/\/twitter.com\/iaioflautas\">iaioflautas<\/a> \ud83d\ude42 <a title=\"http:\/\/www.iaioflautas.org\/blog\/2013\/02\/27\/i-tu-motserratonvas\/#more-2008\" href=\"http:\/\/t.co\/omaVnWWhaD\">iaioflautas.org\/blog\/2013\/02\/2\u2026<\/a><\/p>\n<p>\u2014 Seguintfilroig(@seguintfilroig) <a href=\"https:\/\/twitter.com\/seguintfilroig\/status\/322064088580628481\">April 10, 2013<\/a><\/p><\/blockquote>\n<p>Jo, per la meva banda, li dic que @xmonge ja ho havia reivindicat com cosa de la CUP-AE:<\/p>\n<blockquote class=\"twitter-tweet\" data-conversation=\"none\"><p>@<a href=\"https:\/\/twitter.com\/jotaemi\">jotaemi<\/a> @<a href=\"https:\/\/twitter.com\/perecullera\">perecullera<\/a> @<a href=\"https:\/\/twitter.com\/_cafeambllet\">_cafeambllet<\/a> @<a href=\"https:\/\/twitter.com\/jordisalvia\">jordisalvia<\/a> per un moment pensava que era el programa electoral de la CUP-AE \ud83d\ude09 <a href=\"https:\/\/twitter.com\/search\/%23seguim\">#seguim<\/a><\/p>\n<p>\u2014 Xavier Monge (@xmonge) <a href=\"https:\/\/twitter.com\/xmonge\/status\/322042847039725568\">April 10, 2013<\/a><\/p><\/blockquote>\n<p>Despr\u00e9s, @piruletaklo ha vingut a dir que venia del Plan de Rescate Ciudadano del passat #12M15M:<\/p>\n<blockquote class=\"twitter-tweet\"><p>El programa de <a href=\"https:\/\/twitter.com\/search\/%23ForcadesOliveres\">#ForcadesOliveres<\/a> diu basicament el mateix que el @<a href=\"https:\/\/twitter.com\/plandrescate\">plandrescate<\/a> Ciudadano i que el manifest del <a href=\"https:\/\/twitter.com\/search\/%2312M15M\">#12M15M<\/a> del l&#8217;any passat.<\/p>\n<p>\u2014 klaudia (@piruletaklo) <a href=\"https:\/\/twitter.com\/piruletaklo\/status\/322096096597901312\">April 10, 2013<\/a><\/p><\/blockquote>\n<p>Tampoc ha faltat qui li contest\u00e9s que el programa de la CUP venia de m\u00e9s antic:<\/p>\n<blockquote class=\"twitter-tweet\" data-conversation=\"none\"><p>@<a href=\"https:\/\/twitter.com\/piruletaklo\">piruletaklo<\/a> la CUP fa mooolts anys que existeix i el programa es va fer gr\u00e0cies a la milit\u00e0ncia. El 15M no ho \u00e9s tot..<\/p>\n<p>\u2014 Decrenauta (@decrenauta) <a href=\"https:\/\/twitter.com\/decrenauta\/status\/322100055156879360\">April 10, 2013<\/a><\/p><\/blockquote>\n<p>Segurament podr\u00edem dedicar hores i hores de tuiteig a buscar or\u00edgens m\u00e9s antics o programes m\u00e9s purs. I no hi haur\u00e0 mai acord. Tamb\u00e9 s\u00f3n moltes les cr\u00edtiques que s&#8217;han dedicat a les formes de la presentaci\u00f3 del manifest (a algunes de les quals em sumo). El que queda clar, i aix\u00f2 no \u00e9s poc, \u00e9s que, per col\u00b7lectius molt diversos amb incontables propostes i manifestos, hi ha un programa clar a portar a terme. Ara falta seguir avan\u00e7ant.<\/p>\n<p><strong>Bonus track:<\/strong><\/p>\n<p><strong><\/strong>B\u00e9, cal dir que tot i l\u2019ampli acord, sempre hi ha matisos i coses a polir. Al seu Facebook, @jordicrisol hi troba a faltar un punt:<\/p>\n<blockquote><p>El Programa que han presentat Arcadi Oliveras i Teresa Forcades \u00e9s similar al de la Unitat Popular. Jo hi afegiria un punt m\u00e9s:<\/p>\n<p>11. Expropiaci\u00f3 i socialitzaci\u00f3 dels b\u00e9ns de l\u2019Esgl\u00e9sia.<\/p><\/blockquote>\n","protected":false},"excerpt":{"rendered":"<p>Avui Teresa Forcades i Arcadi Oliveres han fet una nova crida a iniciar un proc\u00e9s constituent. Ho explico a eldiario.es i podeu llegir el manifest aqu\u00ed. La gran novetat s\u00f3n les cares (molt medi\u00e0tiques i respectades) que el presenten, per\u00f2 el programa reflecteix reivindicacions que porten un temps sobre la taula. Tant \u00e9s aix\u00ed, que &hellip; <\/p>\n<p class=\"link-more\"><a href=\"https:\/\/www.emdicjoao.com\/?p=580\" class=\"more-link\">Continua llegint <span class=\"screen-reader-text\">\u00abRemanifestar-se (manifest remix)\u00bb<\/span><\/a><\/p>\n","protected":false},"author":1,"featured_media":0,"comment_status":"open","ping_status":"open","sticky":false,"template":"","format":"standard","meta":{"_monsterinsights_skip_tracking":false,"_monsterinsights_sitenote_active":false,"_monsterinsights_sitenote_note":"","_monsterinsights_sitenote_category":0,"footnotes":""},"categories":[1],"tags":[229,228,232,231,230],"yoast_head":"<!-- This site is optimized with the Yoast SEO plugin v22.6 - https:\/\/yoast.com\/wordpress\/plugins\/seo\/ -->\n<title>Remanifestar-se (manifest remix) - Em dic Jo\u00e3o<\/title>\n<meta name=\"robots\" content=\"index, follow, max-snippet:-1, max-image-preview:large, max-video-preview:-1\" \/>\n<link rel=\"canonical\" href=\"https:\/\/www.emdicjoao.com\/?p=580\" \/>\n<meta property=\"og:locale\" content=\"ca_ES\" \/>\n<meta property=\"og:type\" content=\"article\" \/>\n<meta property=\"og:title\" content=\"Remanifestar-se (manifest remix) - Em dic Jo\u00e3o\" \/>\n<meta property=\"og:description\" content=\"Avui Teresa Forcades i Arcadi Oliveres han fet una nova crida a iniciar un proc\u00e9s constituent. Ho explico a eldiario.es i podeu llegir el manifest aqu\u00ed. La gran novetat s\u00f3n les cares (molt medi\u00e0tiques i respectades) que el presenten, per\u00f2 el programa reflecteix reivindicacions que porten un temps sobre la taula. Tant \u00e9s aix\u00ed, que &hellip; Continua llegint \u00abRemanifestar-se (manifest remix)\u00bb\" \/>\n<meta property=\"og:url\" content=\"https:\/\/www.emdicjoao.com\/?p=580\" \/>\n<meta property=\"og:site_name\" content=\"Em dic Jo\u00e3o\" \/>\n<meta property=\"article:published_time\" content=\"2013-04-10T23:13:17+00:00\" \/>\n<meta name=\"author\" content=\"Jo\u00e3o Fran\u00e7a\" \/>\n<meta name=\"twitter:card\" content=\"summary_large_image\" \/>\n<meta name=\"twitter:creator\" content=\"@jotaemi\" \/>\n<meta name=\"twitter:site\" content=\"@jotaemi\" \/>\n<meta name=\"twitter:label1\" content=\"Escrit per\" \/>\n\t<meta name=\"twitter:data1\" content=\"Jo\u00e3o Fran\u00e7a\" \/>\n\t<meta name=\"twitter:label2\" content=\"Temps estimat de lectura\" \/>\n\t<meta name=\"twitter:data2\" content=\"2 minuts\" \/>\n<script type=\"application\/ld+json\" class=\"yoast-schema-graph\">{\"@context\":\"https:\/\/schema.org\",\"@graph\":[{\"@type\":\"WebPage\",\"@id\":\"https:\/\/www.emdicjoao.com\/?p=580\",\"url\":\"https:\/\/www.emdicjoao.com\/?p=580\",\"name\":\"Remanifestar-se (manifest remix) - Em dic Jo\u00e3o\",\"isPartOf\":{\"@id\":\"http:\/\/www.emdicjoao.com\/#website\"},\"datePublished\":\"2013-04-10T23:13:17+00:00\",\"dateModified\":\"2013-04-10T23:13:17+00:00\",\"author\":{\"@id\":\"http:\/\/www.emdicjoao.com\/#\/schema\/person\/3ced8d4b3512e6619f92933ea3e370bb\"},\"breadcrumb\":{\"@id\":\"https:\/\/www.emdicjoao.com\/?p=580#breadcrumb\"},\"inLanguage\":\"ca\",\"potentialAction\":[{\"@type\":\"ReadAction\",\"target\":[\"https:\/\/www.emdicjoao.com\/?p=580\"]}]},{\"@type\":\"BreadcrumbList\",\"@id\":\"https:\/\/www.emdicjoao.com\/?p=580#breadcrumb\",\"itemListElement\":[{\"@type\":\"ListItem\",\"position\":1,\"name\":\"Inici\",\"item\":\"http:\/\/www.emdicjoao.com\/\"},{\"@type\":\"ListItem\",\"position\":2,\"name\":\"Remanifestar-se (manifest remix)\"}]},{\"@type\":\"WebSite\",\"@id\":\"http:\/\/www.emdicjoao.com\/#website\",\"url\":\"http:\/\/www.emdicjoao.com\/\",\"name\":\"Em dic Jo\u00e3o\",\"description\":\"i torno a provar de tenir un blog\",\"potentialAction\":[{\"@type\":\"SearchAction\",\"target\":{\"@type\":\"EntryPoint\",\"urlTemplate\":\"http:\/\/www.emdicjoao.com\/?s={search_term_string}\"},\"query-input\":\"required name=search_term_string\"}],\"inLanguage\":\"ca\"},{\"@type\":\"Person\",\"@id\":\"http:\/\/www.emdicjoao.com\/#\/schema\/person\/3ced8d4b3512e6619f92933ea3e370bb\",\"name\":\"Jo\u00e3o Fran\u00e7a\",\"image\":{\"@type\":\"ImageObject\",\"inLanguage\":\"ca\",\"@id\":\"http:\/\/www.emdicjoao.com\/#\/schema\/person\/image\/\",\"url\":\"https:\/\/secure.gravatar.com\/avatar\/874144ce703bbc3b1cb8439fcb156ae2?s=96&d=monsterid&r=g\",\"contentUrl\":\"https:\/\/secure.gravatar.com\/avatar\/874144ce703bbc3b1cb8439fcb156ae2?s=96&d=monsterid&r=g\",\"caption\":\"Jo\u00e3o Fran\u00e7a\"}}]}<\/script>\n<!-- \/ Yoast SEO plugin. -->","yoast_head_json":{"title":"Remanifestar-se (manifest remix) - Em dic Jo\u00e3o","robots":{"index":"index","follow":"follow","max-snippet":"max-snippet:-1","max-image-preview":"max-image-preview:large","max-video-preview":"max-video-preview:-1"},"canonical":"https:\/\/www.emdicjoao.com\/?p=580","og_locale":"ca_ES","og_type":"article","og_title":"Remanifestar-se (manifest remix) - Em dic Jo\u00e3o","og_description":"Avui Teresa Forcades i Arcadi Oliveres han fet una nova crida a iniciar un proc\u00e9s constituent. Ho explico a eldiario.es i podeu llegir el manifest aqu\u00ed. La gran novetat s\u00f3n les cares (molt medi\u00e0tiques i respectades) que el presenten, per\u00f2 el programa reflecteix reivindicacions que porten un temps sobre la taula. Tant \u00e9s aix\u00ed, que &hellip; Continua llegint \u00abRemanifestar-se (manifest remix)\u00bb","og_url":"https:\/\/www.emdicjoao.com\/?p=580","og_site_name":"Em dic Jo\u00e3o","article_published_time":"2013-04-10T23:13:17+00:00","author":"Jo\u00e3o Fran\u00e7a","twitter_card":"summary_large_image","twitter_creator":"@jotaemi","twitter_site":"@jotaemi","twitter_misc":{"Escrit per":"Jo\u00e3o Fran\u00e7a","Temps estimat de lectura":"2 minuts"},"schema":{"@context":"https:\/\/schema.org","@graph":[{"@type":"WebPage","@id":"https:\/\/www.emdicjoao.com\/?p=580","url":"https:\/\/www.emdicjoao.com\/?p=580","name":"Remanifestar-se (manifest remix) - Em dic Jo\u00e3o","isPartOf":{"@id":"http:\/\/www.emdicjoao.com\/#website"},"datePublished":"2013-04-10T23:13:17+00:00","dateModified":"2013-04-10T23:13:17+00:00","author":{"@id":"http:\/\/www.emdicjoao.com\/#\/schema\/person\/3ced8d4b3512e6619f92933ea3e370bb"},"breadcrumb":{"@id":"https:\/\/www.emdicjoao.com\/?p=580#breadcrumb"},"inLanguage":"ca","potentialAction":[{"@type":"ReadAction","target":["https:\/\/www.emdicjoao.com\/?p=580"]}]},{"@type":"BreadcrumbList","@id":"https:\/\/www.emdicjoao.com\/?p=580#breadcrumb","itemListElement":[{"@type":"ListItem","position":1,"name":"Inici","item":"http:\/\/www.emdicjoao.com\/"},{"@type":"ListItem","position":2,"name":"Remanifestar-se (manifest remix)"}]},{"@type":"WebSite","@id":"http:\/\/www.emdicjoao.com\/#website","url":"http:\/\/www.emdicjoao.com\/","name":"Em dic Jo\u00e3o","description":"i torno a provar de tenir un blog","potentialAction":[{"@type":"SearchAction","target":{"@type":"EntryPoint","urlTemplate":"http:\/\/www.emdicjoao.com\/?s={search_term_string}"},"query-input":"required name=search_term_string"}],"inLanguage":"ca"},{"@type":"Person","@id":"http:\/\/www.emdicjoao.com\/#\/schema\/person\/3ced8d4b3512e6619f92933ea3e370bb","name":"Jo\u00e3o Fran\u00e7a","image":{"@type":"ImageObject","inLanguage":"ca","@id":"http:\/\/www.emdicjoao.com\/#\/schema\/person\/image\/","url":"https:\/\/secure.gravatar.com\/avatar\/874144ce703bbc3b1cb8439fcb156ae2?s=96&d=monsterid&r=g","contentUrl":"https:\/\/secure.gravatar.com\/avatar\/874144ce703bbc3b1cb8439fcb156ae2?s=96&d=monsterid&r=g","caption":"Jo\u00e3o Fran\u00e7a"}}]}},"_links":{"self":[{"href":"https:\/\/www.emdicjoao.com\/index.php?rest_route=\/wp\/v2\/posts\/580"}],"collection":[{"href":"https:\/\/www.emdicjoao.com\/index.php?rest_route=\/wp\/v2\/posts"}],"about":[{"href":"https:\/\/www.emdicjoao.com\/index.php?rest_route=\/wp\/v2\/types\/post"}],"author":[{"embeddable":true,"href":"https:\/\/www.emdicjoao.com\/index.php?rest_route=\/wp\/v2\/users\/1"}],"replies":[{"embeddable":true,"href":"https:\/\/www.emdicjoao.com\/index.php?rest_route=%2Fwp%2Fv2%2Fcomments&post=580"}],"version-history":[{"count":9,"href":"https:\/\/www.emdicjoao.com\/index.php?rest_route=\/wp\/v2\/posts\/580\/revisions"}],"predecessor-version":[{"id":589,"href":"https:\/\/www.emdicjoao.com\/index.php?rest_route=\/wp\/v2\/posts\/580\/revisions\/589"}],"wp:attachment":[{"href":"https:\/\/www.emdicjoao.com\/index.php?rest_route=%2Fwp%2Fv2%2Fmedia&parent=580"}],"wp:term":[{"taxonomy":"category","embeddable":true,"href":"https:\/\/www.emdicjoao.com\/index.php?rest_route=%2Fwp%2Fv2%2Fcategories&post=580"},{"taxonomy":"post_tag","embeddable":true,"href":"https:\/\/www.emdicjoao.com\/index.php?rest_route=%2Fwp%2Fv2%2Ftags&post=580"}],"curies":[{"name":"wp","href":"https:\/\/api.w.org\/{rel}","templated":true}]}}